{"id":137,"date":"2021-09-30T09:17:44","date_gmt":"2021-09-30T09:17:44","guid":{"rendered":"http:\/\/pablocarpintero.es\/?p=137"},"modified":"2021-12-25T09:36:18","modified_gmt":"2021-12-25T09:36:18","slug":"colaboradores-gaitas-de-fol-antigas","status":"publish","type":"post","link":"https:\/\/pablocarpintero.es\/es\/colaboradores-gaitas-de-fol-antigas\/","title":{"rendered":"Colaboradores"},"content":{"rendered":"<div  class='flex_column av-b6l5t-6010c8a7f886096729a0ddbcea680323 av_one_full  avia-builder-el-0  avia-builder-el-no-sibling  first flex_column_div'     ><section  class='av_textblock_section av-ku6q558d-ae315a0de8340577f9ff9e630ba91d0c'   itemscope=\"itemscope\" itemtype=\"https:\/\/schema.org\/BlogPosting\" itemprop=\"blogPost\" ><div class='avia_textblock'  itemprop=\"text\" ><p>En estos treinta a\u00f1os de registros y documentaci\u00f3n de gaitas de fuelle y otros instrumentos musicales antiguos, muchos amigos nos han acompa\u00f1ado y facilitado la labor de buscar, hallar y documentar gaitas de fuelle y otros instrumentos musicales en cada territorio. Henrique Oliveira, Francisco Pimenta, Tiago Morais, Gustavo Portela, Jo\u00e3o Raimundo y Ant\u00f3nio Freire son de inestimable ayuda para aquellas gaitas del centro y sur de Portugal, igual que  Napole\u00e3o Ribeiro en el norte. Ramiro Fern\u00e1ndez, Paulo Preto y Paulo Meirinhos en Tr\u00e1s-os-Montes; nuestro amigo Jes\u00fas \u00c1ngel Santiago en Aliste y nuestros queridos Alberto  Jambrina y Pablo Madrid en Zamora. Diego Bello tambi\u00e9n nos informa de hallazgos en el Bierzo. El profesor de m\u00fasica, m\u00fasico y artesano de flautas y tambores Luis Mondelo merece una menci\u00f3n singular, pues juntos hemos hecho largas campa\u00f1as de documentaci\u00f3n de flautas y gaitas de fuelle por todo el noroeste, viviendo momentos inolvidables y forjando una amistad que excede los propios l\u00edmites de esta palabra, caso semejante a lo que nos acontece con Luis Miguel Morillas y su mujer Lourdes Garc\u00eda- Lisbona, que nos pasean por Arag\u00f3n en la b\u00fasqueda de las viejas gaitas de boto y a los que nos une un cari\u00f1o especial.<span class=\"Apple-converted-space\">\u00a0<\/span><\/p>\n<p>En Galicia los amigos que nos han ayudado en esta labor son innumerables, no los podemos citar a todos porque ser\u00eda imposible recordar ahora tantas personas que nos han apoyado desinteresadamente, pero no podemos dejar de agradecer la ayuda de Jos\u00e9 Presedo, Olimpio  Xir\u00e1ldez y  Xaneco Tub\u00edo, desinteresados maestros y amigos que tanto nos han ense\u00f1ado como artesanos, dispuestos en todo momento a colaborar y a dar informaci\u00f3n sobre cualquier proceso, herramienta o instrumento musical que se les antoja puede ser de nuestro inter\u00e9s; igual que los hermanos Xos\u00e9 Manuel y Alfonso Gil, estupendos artesanos siempre disponibles para ayudar, y de los que no paramos de aprender cosas, personas amables y pendientes de enviar cualquier informe sobre las gaitas antiguas que van cayendo en sus manos. Nuestro amigo Ricardo Caxide, con una enorme colecci\u00f3n de gaitas, tiene siempre la deferencia de comentarnos las cosas que va aprendiendo y de prestarnos los instrumentos para registrarlos, igual que F\u00e9lix y C\u00e1stor Castrovicente, entra\u00f1ables amigos desde hace tantos a\u00f1os. Lo mismo podemos decir de los compa\u00f1eros del grupo Picu\u00ed\u00f1a de Mar\u00edn, Jose, F\u00e9lix,  Raul, Josean y dem\u00e1s allegados, siempre informando de nuevos e interesantes hallazgos, como Luis Fernando L\u00f3pez que, adem\u00e1s, nos a ayudado a realizar alg\u00fan interesante experimento. Carlos Osorio, la persona que m\u00e1s sabe de las gaitas de Arz\u00faa y Terra de Melide, tambi\u00e9n nos ha ayudado, sobre todo, a aprender cosas nuevas. Con nuestros grandes amigos y compa\u00f1eros del grupo de A Requinta de Xi\u00e1n, Santiago Otero, Xabier Canabal, David Pardo, \u00c1lvaro \u201cO Barreiro\u201d, Manuel Pardo y David Botana hemos documentado gaitas y requintas por toda la comarca de A Ulla...  Janite de la Fuente, querido amigo y compa\u00f1ero de Ultreia, realiz\u00f3 las fotos de la portada de esta p\u00e1gina.<span class=\"Apple-converted-space\">\u00a0 \u00a0<\/span><\/p>\n<p>Los directores de muchos museos del noroeste, que guardan nos sus fondos antiguas gaitas de fuelle, nos abrieron sus puertas y merecen nuestro reconocimiento. Caso de nuestro amigo Alfonso Fern\u00e1ndez, del Museo de la Gaita de Gij\u00f3n, hombre  cult\u00edsimo y minucioso con el que tantos interesantes debates hemos mantenido. Paulo Costa, director de uno de los mejores museos de etnolog\u00eda de la pen\u00ednsula, el Museu Nacional de  Etnolog\u00eda de Lisboa, los permiti\u00f3 por varias veces documentar las fant\u00e1sticas gaitas de fuelle coleccionadas por Ernesto Veiga de Oliveira. Tambi\u00e9n en el pa\u00eds vecino, Celina B\u00e1rbaro del  Museu de A Terra de Miranda, Concei\u00e7\u00e3o Correa del  Museu de la M\u00fasica Portuguesa-Casa Verdades de Faria (Cascais) y Helena Miranda del Museu Nacional de la M\u00fasica (Lisboa) solo tuvieron facilidades para con nuestro trabajo. Susana Hevia del  Museu Etnogr\u00e1fico de  Grandas de  Salime y Luciano P\u00e9rez, de la colecci\u00f3n de instrumentos de la Diputaci\u00f3n de Lugo, tambi\u00e9n nos permitieron extraer todos los datos necesarios de aquellos instrumentos y herramientas custodiados en sus instituciones. Menci\u00f3n especial merece el Museo de Pontevedra, dirigido en la altura en que hicimos el grueso de la documentaci\u00f3n de las gaitas de Manuel Villanueva y Perfecto Feijoo por Carlos Valle, un sabio siempre dispuesto a ense\u00f1ar y a facilitar el trabajo de los investigadores, a qui\u00e9n debo inmensa gratitud, igual que la Natalia Fraguas, la t\u00e9cnica del museo que con gran amabilidad y disposici\u00f3n siempre nos facilit\u00f3 el trabajo de documentaci\u00f3n.<span class=\"Apple-converted-space\">\u00a0<\/span><\/p>\n<p class=\"translation-block\">A otro nivel bien distinto, el del an\u00e1lisis y el pensamiento, los hermanos Iv\u00e1n y Ram\u00f3n Area, matem\u00e1tico uno y fil\u00f3sofo-psiquiatra el otro, amigos  querid\u00edsimos, han sido de importancia fundamental para todo este trabajo. La edici\u00f3n de \"Os Instrumentos Musicais na Tradici\u00f3n Galega\" no se habr\u00eda hecho sin Iv\u00e1n, ni la teor\u00eda sobre la relaci\u00f3n entre las gaitas de fuelle y el paisaje sin Ram\u00f3n, por poner solo dos destacados ejemplos.<\/p>\n<p>No podemos finalizar este espacio de agradecimiento sin mencionar a algunos de nuestros maestros gaiteros, que fueron tambi\u00e9n muy queridos amigos. Si algo tuvo de malo el trabajo de campo, fue \u00fanicamente tener que despedirse de estas personas tan pronto. La herida de su p\u00e9rdida seguir\u00e1 para siempre jam\u00e1s abierta. Jos\u00e9  Marentes, gaitero de Santa  Xu\u00eda en A Fonsagrada, Manuel Viqueira de Ordes y Andr\u00e9s Rodr\u00edguez de Vilamaior, fueron quiz\u00e1s los gaiteros de los que m\u00e1s aprendimos y con los que establecimos una relaci\u00f3n m\u00e1s profunda. Tanto fue as\u00ed, que la cobard\u00eda y el dolor no nos dejaron ni asistir a sus funerales. Lo mismo nos sucedi\u00f3 con Dar\u00edo D\u00edaz de Pa\u00edme, a quien siempre echaremos de menos. Otros maestros gaiteros con los que compartimos inolvidables momentos fueron Juan Ferreiro de Laro\u00e1, que tantas cosas nos ense\u00f1\u00f3 y que nos agasaj\u00f3 con la gaita de su padre, o Manuel Guti\u00e9rrez, \"O Rubio de  Maderne\", con quien mantuvimos horas y horas de interesant\u00edsima conversaci\u00f3n en su viejo lar... menos mal que a\u00fan nos quedan algunos maestros y amigos vivos, como Nela de Taramundi y C\u00e9sar de Leitoego, o esos tres gaiteirazos tan entra\u00f1ables y apreciados que son Desiderio de Villarmidi, Constante de Vilar de Calvos y Modesto de A Fonsagrada.<span class=\"Apple-converted-space\">\u00a0 \u00a0 \u00a0 \u00a0 \u00a0<\/span><\/p>\n<p>A todas estas personas, y a muchas otras, debemos un inmenso agradecimiento, pero, el m\u00e1s interesante desde luego, no fue su colaboraci\u00f3n en este trabajo, sino el establecimiento a trav\u00e9s de \u00e9l de unas relaciones de amistad, en la mayor\u00eda de los casos de muy profundo calado, que en realidad superan en importancia cualquier trabajo cient\u00edfico sobre estos objetos musicales y que son, para nosotros, el fruto m\u00e1s importante de esta investigaci\u00f3n.<span class=\"Apple-converted-space\">\u00a0<\/span><\/p>\n<p>Por \u00faltimo, Juan Daniel Burr\u00f3 desarroll\u00f3 esta web que, como ves, no solo es una plataforma para vender las cosas que construimos, sino que tambi\u00e9n es \u00fatil para el conocimiento y difusi\u00f3n de nuestra m\u00fasica tradicional. Muchas gracias Juan por tu paciencia y por este gran trabajo.<\/p>\n<\/div><\/section><\/div>","protected":false},"excerpt":{"rendered":"<p>Nestes trinta anos de rexistros e documentaci\u00f3n de gaitas de fol e outros instrumentos musicais antigos moitos amigos nos te\u00f1en acompa\u00f1ado e facilitado o labor de buscar, achar e documentar gaitas de fol en cada territorio. Henrique Oliveira, Francisco Pimenta, Tiago Morais, Gustavo Portela, Jo\u00e3o Raimundo e Ant\u00f3nio Freire son de inestimable axuda para aquelas gaitas do centro e sul de Portugal, igual que Napole\u00e3o Ribeiro no norte. Ramiro Fern\u00e1ndez, Paulo Preto e Paulo Meirinhos en Tr\u00e1s-os-Montes; Jos\u00e9 Santiago en Aliste e os nosos queridos Alberto Jambrina e Pablo Madrid en Zamora. Diego Bello tam\u00e9n nos informa de achados no Bierzo. O profesor de m\u00fasica, m\u00fasico e artes\u00e1n Luis Mondelo merece unha menci\u00f3n singular pois xuntos temos feito longas campa\u00f1as de documentaci\u00f3n de frautas e gaitas de fol por todo o noroeste, vivindo momentos inesquecibles e forxando unha amizade que excede os propios l\u00edmites desta palabra.<\/p>","protected":false},"author":1,"featured_media":0,"comment_status":"open","ping_status":"open","sticky":false,"template":"","format":"standard","meta":{"give_campaign_id":0,"_joinchat":[],"footnotes":""},"categories":[1],"tags":[],"class_list":["post-137","post","type-post","status-publish","format-standard","hentry","category-instrumentos-musicais"],"yoast_head":"<!-- This site is optimized with the Yoast SEO plugin v27.2 - https:\/\/yoast.com\/product\/yoast-seo-wordpress\/ -->\n<title>Colaboradores - Pablo Carpintero<\/title>\n<meta name=\"robots\" content=\"index, follow, max-snippet:-1, max-image-preview:large, max-video-preview:-1\" \/>\n<link rel=\"canonical\" href=\"https:\/\/pablocarpintero.es\/es\/colaboradores-gaitas-de-fol-antigas\/\" \/>\n<meta property=\"og:locale\" content=\"es_ES\" \/>\n<meta property=\"og:type\" content=\"article\" \/>\n<meta property=\"og:title\" content=\"Colaboradores - Pablo Carpintero\" \/>\n<meta property=\"og:description\" content=\"Nestes trinta anos de rexistros e documentaci\u00f3n de gaitas de fol e outros instrumentos musicais antigos moitos amigos nos te\u00f1en acompa\u00f1ado e facilitado o labor de buscar, achar e documentar gaitas de fol en cada territorio. Henrique Oliveira, Francisco Pimenta, Tiago Morais, Gustavo Portela, Jo\u00e3o Raimundo e Ant\u00f3nio Freire son de inestimable axuda para aquelas gaitas do centro e sul de Portugal, igual que Napole\u00e3o Ribeiro no norte. Ramiro Fern\u00e1ndez, Paulo Preto e Paulo Meirinhos en Tr\u00e1s-os-Montes; Jos\u00e9 Santiago en Aliste e os nosos queridos Alberto Jambrina e Pablo Madrid en Zamora. Diego Bello tam\u00e9n nos informa de achados no Bierzo. O profesor de m\u00fasica, m\u00fasico e artes\u00e1n Luis Mondelo merece unha menci\u00f3n singular pois xuntos temos feito longas campa\u00f1as de documentaci\u00f3n de frautas e gaitas de fol por todo o noroeste, vivindo momentos inesquecibles e forxando unha amizade que excede os propios l\u00edmites desta palabra.\" \/>\n<meta property=\"og:url\" content=\"https:\/\/pablocarpintero.es\/es\/colaboradores-gaitas-de-fol-antigas\/\" \/>\n<meta property=\"og:site_name\" content=\"Pablo Carpintero\" \/>\n<meta property=\"article:published_time\" content=\"2021-09-30T09:17:44+00:00\" \/>\n<meta property=\"article:modified_time\" content=\"2021-12-25T09:36:18+00:00\" \/>\n<meta name=\"author\" content=\"pablo\" \/>\n<meta name=\"twitter:card\" content=\"summary_large_image\" \/>\n<meta name=\"twitter:label1\" content=\"Escrito por\" \/>\n\t<meta name=\"twitter:data1\" content=\"pablo\" \/>\n\t<meta name=\"twitter:label2\" content=\"Tiempo de lectura\" \/>\n\t<meta name=\"twitter:data2\" content=\"6 minutos\" \/>\n<script type=\"application\/ld+json\" class=\"yoast-schema-graph\">{\"@context\":\"https:\/\/schema.org\",\"@graph\":[{\"@type\":\"Article\",\"@id\":\"https:\/\/pablocarpintero.es\/colaboradores-gaitas-de-fol-antigas\/#article\",\"isPartOf\":{\"@id\":\"https:\/\/pablocarpintero.es\/colaboradores-gaitas-de-fol-antigas\/\"},\"author\":{\"name\":\"pablo\",\"@id\":\"https:\/\/pablocarpintero.es\/#\/schema\/person\/a964d2df7b9dd44c619384f2569f2972\"},\"headline\":\"Colaboradores\",\"datePublished\":\"2021-09-30T09:17:44+00:00\",\"dateModified\":\"2021-12-25T09:36:18+00:00\",\"mainEntityOfPage\":{\"@id\":\"https:\/\/pablocarpintero.es\/colaboradores-gaitas-de-fol-antigas\/\"},\"wordCount\":1434,\"commentCount\":0,\"articleSection\":[\"Instrumentos musicais\"],\"inLanguage\":\"es\",\"potentialAction\":[{\"@type\":\"CommentAction\",\"name\":\"Comment\",\"target\":[\"https:\/\/pablocarpintero.es\/colaboradores-gaitas-de-fol-antigas\/#respond\"]}]},{\"@type\":\"WebPage\",\"@id\":\"https:\/\/pablocarpintero.es\/colaboradores-gaitas-de-fol-antigas\/\",\"url\":\"https:\/\/pablocarpintero.es\/colaboradores-gaitas-de-fol-antigas\/\",\"name\":\"Colaboradores - Pablo Carpintero\",\"isPartOf\":{\"@id\":\"https:\/\/pablocarpintero.es\/#website\"},\"datePublished\":\"2021-09-30T09:17:44+00:00\",\"dateModified\":\"2021-12-25T09:36:18+00:00\",\"author\":{\"@id\":\"https:\/\/pablocarpintero.es\/#\/schema\/person\/a964d2df7b9dd44c619384f2569f2972\"},\"breadcrumb\":{\"@id\":\"https:\/\/pablocarpintero.es\/colaboradores-gaitas-de-fol-antigas\/#breadcrumb\"},\"inLanguage\":\"es\",\"potentialAction\":[{\"@type\":\"ReadAction\",\"target\":[\"https:\/\/pablocarpintero.es\/colaboradores-gaitas-de-fol-antigas\/\"]}]},{\"@type\":\"BreadcrumbList\",\"@id\":\"https:\/\/pablocarpintero.es\/colaboradores-gaitas-de-fol-antigas\/#breadcrumb\",\"itemListElement\":[{\"@type\":\"ListItem\",\"position\":1,\"name\":\"Portada\",\"item\":\"https:\/\/pablocarpintero.es\/inicio\/\"},{\"@type\":\"ListItem\",\"position\":2,\"name\":\"Colaboradores\"}]},{\"@type\":\"WebSite\",\"@id\":\"https:\/\/pablocarpintero.es\/#website\",\"url\":\"https:\/\/pablocarpintero.es\/\",\"name\":\"Pablo Carpintero\",\"description\":\"Otro sitio realizado con WordPress\",\"potentialAction\":[{\"@type\":\"SearchAction\",\"target\":{\"@type\":\"EntryPoint\",\"urlTemplate\":\"https:\/\/pablocarpintero.es\/?s={search_term_string}\"},\"query-input\":{\"@type\":\"PropertyValueSpecification\",\"valueRequired\":true,\"valueName\":\"search_term_string\"}}],\"inLanguage\":\"es\"},{\"@type\":\"Person\",\"@id\":\"https:\/\/pablocarpintero.es\/#\/schema\/person\/a964d2df7b9dd44c619384f2569f2972\",\"name\":\"pablo\",\"image\":{\"@type\":\"ImageObject\",\"inLanguage\":\"es\",\"@id\":\"https:\/\/secure.gravatar.com\/avatar\/fb279e06fe3f9eacc04cd2598b4554448ca3e269fc535a61f2c7063a79133dc8?s=96&d=mm&r=g\",\"url\":\"https:\/\/secure.gravatar.com\/avatar\/fb279e06fe3f9eacc04cd2598b4554448ca3e269fc535a61f2c7063a79133dc8?s=96&d=mm&r=g\",\"contentUrl\":\"https:\/\/secure.gravatar.com\/avatar\/fb279e06fe3f9eacc04cd2598b4554448ca3e269fc535a61f2c7063a79133dc8?s=96&d=mm&r=g\",\"caption\":\"pablo\"},\"sameAs\":[\"https:\/\/pablocarpintero.es\"],\"url\":\"https:\/\/pablocarpintero.es\/es\/author\/pablo\/\"}]}<\/script>\n<!-- \/ Yoast SEO plugin. -->","yoast_head_json":{"title":"Colaboradores - Pablo Carpintero","robots":{"index":"index","follow":"follow","max-snippet":"max-snippet:-1","max-image-preview":"max-image-preview:large","max-video-preview":"max-video-preview:-1"},"canonical":"https:\/\/pablocarpintero.es\/es\/colaboradores-gaitas-de-fol-antigas\/","og_locale":"es_ES","og_type":"article","og_title":"Colaboradores - Pablo Carpintero","og_description":"Nestes trinta anos de rexistros e documentaci\u00f3n de gaitas de fol e outros instrumentos musicais antigos moitos amigos nos te\u00f1en acompa\u00f1ado e facilitado o labor de buscar, achar e documentar gaitas de fol en cada territorio. Henrique Oliveira, Francisco Pimenta, Tiago Morais, Gustavo Portela, Jo\u00e3o Raimundo e Ant\u00f3nio Freire son de inestimable axuda para aquelas gaitas do centro e sul de Portugal, igual que Napole\u00e3o Ribeiro no norte. Ramiro Fern\u00e1ndez, Paulo Preto e Paulo Meirinhos en Tr\u00e1s-os-Montes; Jos\u00e9 Santiago en Aliste e os nosos queridos Alberto Jambrina e Pablo Madrid en Zamora. Diego Bello tam\u00e9n nos informa de achados no Bierzo. O profesor de m\u00fasica, m\u00fasico e artes\u00e1n Luis Mondelo merece unha menci\u00f3n singular pois xuntos temos feito longas campa\u00f1as de documentaci\u00f3n de frautas e gaitas de fol por todo o noroeste, vivindo momentos inesquecibles e forxando unha amizade que excede os propios l\u00edmites desta palabra.","og_url":"https:\/\/pablocarpintero.es\/es\/colaboradores-gaitas-de-fol-antigas\/","og_site_name":"Pablo Carpintero","article_published_time":"2021-09-30T09:17:44+00:00","article_modified_time":"2021-12-25T09:36:18+00:00","author":"pablo","twitter_card":"summary_large_image","twitter_misc":{"Escrito por":"pablo","Tiempo de lectura":"6 minutos"},"schema":{"@context":"https:\/\/schema.org","@graph":[{"@type":"Article","@id":"https:\/\/pablocarpintero.es\/colaboradores-gaitas-de-fol-antigas\/#article","isPartOf":{"@id":"https:\/\/pablocarpintero.es\/colaboradores-gaitas-de-fol-antigas\/"},"author":{"name":"pablo","@id":"https:\/\/pablocarpintero.es\/#\/schema\/person\/a964d2df7b9dd44c619384f2569f2972"},"headline":"Colaboradores","datePublished":"2021-09-30T09:17:44+00:00","dateModified":"2021-12-25T09:36:18+00:00","mainEntityOfPage":{"@id":"https:\/\/pablocarpintero.es\/colaboradores-gaitas-de-fol-antigas\/"},"wordCount":1434,"commentCount":0,"articleSection":["Instrumentos musicais"],"inLanguage":"es","potentialAction":[{"@type":"CommentAction","name":"Comment","target":["https:\/\/pablocarpintero.es\/colaboradores-gaitas-de-fol-antigas\/#respond"]}]},{"@type":"WebPage","@id":"https:\/\/pablocarpintero.es\/colaboradores-gaitas-de-fol-antigas\/","url":"https:\/\/pablocarpintero.es\/colaboradores-gaitas-de-fol-antigas\/","name":"Colaboradores - Pablo Carpintero","isPartOf":{"@id":"https:\/\/pablocarpintero.es\/#website"},"datePublished":"2021-09-30T09:17:44+00:00","dateModified":"2021-12-25T09:36:18+00:00","author":{"@id":"https:\/\/pablocarpintero.es\/#\/schema\/person\/a964d2df7b9dd44c619384f2569f2972"},"breadcrumb":{"@id":"https:\/\/pablocarpintero.es\/colaboradores-gaitas-de-fol-antigas\/#breadcrumb"},"inLanguage":"es","potentialAction":[{"@type":"ReadAction","target":["https:\/\/pablocarpintero.es\/colaboradores-gaitas-de-fol-antigas\/"]}]},{"@type":"BreadcrumbList","@id":"https:\/\/pablocarpintero.es\/colaboradores-gaitas-de-fol-antigas\/#breadcrumb","itemListElement":[{"@type":"ListItem","position":1,"name":"Portada","item":"https:\/\/pablocarpintero.es\/inicio\/"},{"@type":"ListItem","position":2,"name":"Colaboradores"}]},{"@type":"WebSite","@id":"https:\/\/pablocarpintero.es\/#website","url":"https:\/\/pablocarpintero.es\/","name":"Pablo Carpintero","description":"Otro sitio realizado con WordPress","potentialAction":[{"@type":"SearchAction","target":{"@type":"EntryPoint","urlTemplate":"https:\/\/pablocarpintero.es\/?s={search_term_string}"},"query-input":{"@type":"PropertyValueSpecification","valueRequired":true,"valueName":"search_term_string"}}],"inLanguage":"es"},{"@type":"Person","@id":"https:\/\/pablocarpintero.es\/#\/schema\/person\/a964d2df7b9dd44c619384f2569f2972","name":"pablo","image":{"@type":"ImageObject","inLanguage":"es","@id":"https:\/\/secure.gravatar.com\/avatar\/fb279e06fe3f9eacc04cd2598b4554448ca3e269fc535a61f2c7063a79133dc8?s=96&d=mm&r=g","url":"https:\/\/secure.gravatar.com\/avatar\/fb279e06fe3f9eacc04cd2598b4554448ca3e269fc535a61f2c7063a79133dc8?s=96&d=mm&r=g","contentUrl":"https:\/\/secure.gravatar.com\/avatar\/fb279e06fe3f9eacc04cd2598b4554448ca3e269fc535a61f2c7063a79133dc8?s=96&d=mm&r=g","caption":"pablo"},"sameAs":["https:\/\/pablocarpintero.es"],"url":"https:\/\/pablocarpintero.es\/es\/author\/pablo\/"}]}},"_links":{"self":[{"href":"https:\/\/pablocarpintero.es\/es\/wp-json\/wp\/v2\/posts\/137","targetHints":{"allow":["GET"]}}],"collection":[{"href":"https:\/\/pablocarpintero.es\/es\/wp-json\/wp\/v2\/posts"}],"about":[{"href":"https:\/\/pablocarpintero.es\/es\/wp-json\/wp\/v2\/types\/post"}],"author":[{"embeddable":true,"href":"https:\/\/pablocarpintero.es\/es\/wp-json\/wp\/v2\/users\/1"}],"replies":[{"embeddable":true,"href":"https:\/\/pablocarpintero.es\/es\/wp-json\/wp\/v2\/comments?post=137"}],"version-history":[{"count":12,"href":"https:\/\/pablocarpintero.es\/es\/wp-json\/wp\/v2\/posts\/137\/revisions"}],"predecessor-version":[{"id":1872,"href":"https:\/\/pablocarpintero.es\/es\/wp-json\/wp\/v2\/posts\/137\/revisions\/1872"}],"wp:attachment":[{"href":"https:\/\/pablocarpintero.es\/es\/wp-json\/wp\/v2\/media?parent=137"}],"wp:term":[{"taxonomy":"category","embeddable":true,"href":"https:\/\/pablocarpintero.es\/es\/wp-json\/wp\/v2\/categories?post=137"},{"taxonomy":"post_tag","embeddable":true,"href":"https:\/\/pablocarpintero.es\/es\/wp-json\/wp\/v2\/tags?post=137"}],"curies":[{"name":"wp","href":"https:\/\/api.w.org\/{rel}","templated":true}]}}