{"id":1967,"date":"2022-04-20T11:56:47","date_gmt":"2022-04-20T11:56:47","guid":{"rendered":"https:\/\/pablocarpintero.es\/?p=1967"},"modified":"2022-04-21T05:40:05","modified_gmt":"2022-04-21T05:40:05","slug":"achamos-gaitas-en-galicia-e-portugal-en-uso-dende-a-idade-media","status":"publish","type":"post","link":"https:\/\/pablocarpintero.es\/es\/achamos-gaitas-en-galicia-e-portugal-en-uso-dende-a-idade-media\/","title":{"rendered":"Hallamos gaitas en Galicia y Portugal en uso desde la Edad Media"},"content":{"rendered":"<style type=\"text\/css\" data-created_by=\"avia_inline_auto\" id=\"style-css-av-l27iu6lv-1a3f1f10739d5b6b2ae41699234b86c9\">\n.avia-image-container.av-l27iu6lv-1a3f1f10739d5b6b2ae41699234b86c9 img.avia_image{\nbox-shadow:none;\n}\n.avia-image-container.av-l27iu6lv-1a3f1f10739d5b6b2ae41699234b86c9 .av-image-caption-overlay-center{\ncolor:#ffffff;\n}\n<\/style>\n<div  class='avia-image-container av-l27iu6lv-1a3f1f10739d5b6b2ae41699234b86c9 av-styling- avia-align-center  avia-builder-el-0  el_before_av_textblock  avia-builder-el-first'   itemprop=\"image\" itemscope=\"itemscope\" itemtype=\"https:\/\/schema.org\/ImageObject\" ><div class=\"avia-image-container-inner\"><div class=\"avia-image-overlay-wrap\"><img decoding=\"async\" class='wp-image-1968 avia-img-lazy-loading-not-1968 avia_image' src=\"https:\/\/pablocarpintero.es\/wp-content\/uploads\/2022\/04\/Gaita-de-Xan-de-Campano.jpg\" alt='' title='Gaita de Xan de Campa\u00f1\u00f3'  height=\"1155\" width=\"1921\"  itemprop=\"thumbnailUrl\" srcset=\"https:\/\/pablocarpintero.es\/wp-content\/uploads\/2022\/04\/Gaita-de-Xan-de-Campano.jpg 1921w, https:\/\/pablocarpintero.es\/wp-content\/uploads\/2022\/04\/Gaita-de-Xan-de-Campano-600x361.jpg 600w, https:\/\/pablocarpintero.es\/wp-content\/uploads\/2022\/04\/Gaita-de-Xan-de-Campano-300x180.jpg 300w, https:\/\/pablocarpintero.es\/wp-content\/uploads\/2022\/04\/Gaita-de-Xan-de-Campano-1030x619.jpg 1030w, https:\/\/pablocarpintero.es\/wp-content\/uploads\/2022\/04\/Gaita-de-Xan-de-Campano-768x462.jpg 768w, https:\/\/pablocarpintero.es\/wp-content\/uploads\/2022\/04\/Gaita-de-Xan-de-Campano-1536x924.jpg 1536w, https:\/\/pablocarpintero.es\/wp-content\/uploads\/2022\/04\/Gaita-de-Xan-de-Campano-18x12.jpg 18w, https:\/\/pablocarpintero.es\/wp-content\/uploads\/2022\/04\/Gaita-de-Xan-de-Campano-1500x902.jpg 1500w, https:\/\/pablocarpintero.es\/wp-content\/uploads\/2022\/04\/Gaita-de-Xan-de-Campano-705x424.jpg 705w, https:\/\/pablocarpintero.es\/wp-content\/uploads\/2022\/04\/Gaita-de-Xan-de-Campano-1320x794.jpg 1320w\" sizes=\"(max-width: 1921px) 100vw, 1921px\" \/><\/div><\/div><\/div>\n<section  class='av_textblock_section av-l27ikp75-c0da369f5d7a9c718ec2fb3e07de83f2'   itemscope=\"itemscope\" itemtype=\"https:\/\/schema.org\/BlogPosting\" itemprop=\"blogPost\" ><div class='avia_textblock'  itemprop=\"text\" ><p>Partiendo de la idea de que los dedos desgastan la madera que rodea los agujeros de un puntero al tocar, desde hace seis a\u00f1os desarrollamos un proyecto que trata de averiguar si es posible datar los instrumentos por su desgaste. Despu\u00e9s de medir 144 punteros de todo el Noroeste, de muchos experimentos y mucho an\u00e1lisis estad\u00edstico con la ayuda del matem\u00e1tico Iv\u00e1n Area, logramos desarrollar un modelo matem\u00e1tico que calcula el tiempo de uso de un puntero por sus desgastes. Como esto era solo un modelo, decidimos verificar si las predicciones que hac\u00eda eran ciertas, as\u00ed que tomamos los punteros que el modelo dio como m\u00e1s antiguos y datamos su madera con la t\u00e9cnica del carbono 14. Si te fijas, el modelo dar\u00eda un m\u00ednimo edad para el instrumento (un tiempo de uso) y el 14C una edad m\u00e1xima, la de la muerte de la madera con que fue construido. Las dataciones por 14C confirmaron todas las predicciones del modelo y, ya que fue validado, podemos saber con bastante precisi\u00f3n cu\u00e1nto tiempo se us\u00f3 un puntero simplemente usando un calibre y un algoritmo bastante simple, y esto nos permitir\u00e1 escribir la historia de nuestro instrumento con una precisi\u00f3n casi asombrosa.<\/p>\n<p>La conclusi\u00f3n m\u00e1s sorprendente es que tenemos gaitas en el noroeste que se han utilizado ininterrumpidamente desde la Edad Media, por ejemplo, la madera del puntero de la gaita de Xan de Campa\u00f1\u00f3, (que puedes ver en la fotograf\u00eda) fue fechada en el s. XV, entre 1420 y 1450, mientras que el modelo le otorga un m\u00ednimo de 490 a\u00f1os de uso. Hemos datado por 14C punteros desde el siglo XV al XVIII, \u00a1todos en uso continuo desde entonces!<\/p>\n<p>Puedes escuchar la gaita de Xan de Campa\u00f1\u00f3 en este <a href=\"https:\/\/www.youtube.com\/watch?v=A2680hS4LZ4\">v\u00eddeo<\/a>.<\/p>\n<p>Otra conclusi\u00f3n es que las gaitas m\u00e1s antiguas del noroeste s\u00f3lo aparecen desde la provincia de Pontevedra al sur. En la muestra que tomamos en cada zona (siempre superior a 30 punteros antiguos) no hay instrumentos con m\u00e1s de 300 a\u00f1os de Pontevedra hacia el norte, es decir, en toda Galicia excepto Pontevedra (58 punteros analizados) y en Asturias (30 analizados) no hemos encontrado ejemplares de m\u00e1s de 300 a\u00f1os. Mientras que en Pontevedra, s\u00f3lo con 9 punteros analizados, 4 ten\u00edan m\u00e1s de 300 a\u00f1os (\u00a144%!). En todo Portugal (Coimbra, Tr\u00e1s-os-Montes y Extremadura) la frecuencia de aparici\u00f3n de estos vetustos instrumentos ronda siempre el 25%. Esto podr\u00eda indicar que la gaita es muy antigua en el sur del noroeste (Portugal y Pontevedra) y que a partir del XVIII se fue expandiendo hacia el norte! Esto explicar\u00eda por qu\u00e9 la provincia de Pontevedra cuenta con el mayor n\u00famero de gaitas de diferentes tipos: Rosca, gaitas de pall\u00f3n, gaita simple, gaita de ronquillo y gaita con dos roncones (de barqu\u00edn o de soplete).<span class=\"Apple-converted-space\">\u00a0<\/span><\/p>\n<p>Finalmente, si hay gaitas en uso continuo desde finales de la Edad Media, tambi\u00e9n significa que estas gaitas siempre estuvieron adaptadas al sistema musical en uso, es decir, el sistema musical medieval no cambi\u00f3 entre el pueblo hasta mediados del siglo XIX. Otra conclusi\u00f3n sorprendente.<\/p>\n<p>Este estudio no habr\u00eda sido posible sin muchos de vosotros, amigos que me hab\u00e9is acompa\u00f1ado en \u00e9l buscando gaitas viejas y facilit\u00e1ndome su documentaci\u00f3n, no os nombro porque ser\u00eda muy largo y porque <a href=\"https:\/\/pablocarpintero.es\/es\/colaboradores-gaitas-de-fol-antigas\/\">aqu\u00ed<\/a>ya aparec\u00e9is todos. Pero debo mencionar a mi amigo Ivan Area, porque \u00e9l siempre est\u00e1 detr\u00e1s del cumplimiento de mis sue\u00f1os. Sin \u00e9l esto no hubiera sido posible.<span class=\"Apple-converted-space\">\u00a0<\/span>Este trabajo se leer\u00e1 como tesis doctoral bajo su direcci\u00f3n y la de Susana Reboreda a principios de 2023 en la UVigo.<span class=\"Apple-converted-space\">\u00a0 \u00a0<\/span><\/p>\n<p>Os animo a pasaros por el Edificio Castelao del Museo de Pontevedra el viernes 22 de abril a las 19h para participar en la presentaci\u00f3n de las conclusiones de este estudio y escuchar en directo a algunas de las gaitas m\u00e1s antiguas del noroeste.<span class=\"Apple-converted-space\">\u00a0<\/span><\/p>\n<\/div><\/section>\n<div  class='avia-video av-l28kr3ir-4a55c035e49d4bcfe4c0d701bb93b886 avia-video-16-9 av-no-preview-image avia-video-load-always av-lazyload-immediate av-lazyload-video-embed'  itemprop=\"video\" itemtype=\"https:\/\/schema.org\/VideoObject\"  data-original_url='https:\/\/www.youtube.com\/watch?v=A2680hS4LZ4'><script type='text\/html' class='av-video-tmpl'><div class='avia-iframe-wrap'><iframe loading=\"lazy\" title=\"Gaita de Xan de Campa\u00f1\u00f3 (madeira 1420-1450 AD, 500 anos de uso)\" width=\"1500\" height=\"844\" src=\"https:\/\/www.youtube.com\/embed\/A2680hS4LZ4?feature=oembed&autoplay=0&loop=0&controls=1&mute=0\" frameborder=\"0\" allow=\"accelerometer; autoplay; clipboard-write; encrypted-media; gyroscope; picture-in-picture\" allowfullscreen><\/iframe><\/div><\/script><div class='av-click-to-play-overlay'><div class=\"avia_playpause_icon\"><\/div><\/div><\/div>","protected":false},"excerpt":{"rendered":"","protected":false},"author":1,"featured_media":1968,"comment_status":"open","ping_status":"open","sticky":false,"template":"","format":"standard","meta":{"give_campaign_id":0,"_joinchat":[],"footnotes":""},"categories":[1],"tags":[],"class_list":["post-1967","post","type-post","status-publish","format-standard","has-post-thumbnail","hentry","category-instrumentos-musicais"],"yoast_head":"<!-- This site is optimized with the Yoast SEO plugin v27.2 - https:\/\/yoast.com\/product\/yoast-seo-wordpress\/ -->\n<title>Achamos gaitas en Galicia e Portugal en uso dende a Idade Media - Pablo Carpintero<\/title>\n<meta name=\"robots\" content=\"index, follow, max-snippet:-1, max-image-preview:large, max-video-preview:-1\" \/>\n<link rel=\"canonical\" href=\"https:\/\/pablocarpintero.es\/es\/achamos-gaitas-en-galicia-e-portugal-en-uso-dende-a-idade-media\/\" \/>\n<meta property=\"og:locale\" content=\"es_ES\" \/>\n<meta property=\"og:type\" content=\"article\" \/>\n<meta property=\"og:title\" content=\"Achamos gaitas en Galicia e Portugal en uso dende a Idade Media - Pablo Carpintero\" \/>\n<meta property=\"og:url\" content=\"https:\/\/pablocarpintero.es\/es\/achamos-gaitas-en-galicia-e-portugal-en-uso-dende-a-idade-media\/\" \/>\n<meta property=\"og:site_name\" content=\"Pablo Carpintero\" \/>\n<meta property=\"article:published_time\" content=\"2022-04-20T11:56:47+00:00\" \/>\n<meta property=\"article:modified_time\" content=\"2022-04-21T05:40:05+00:00\" \/>\n<meta property=\"og:image\" content=\"https:\/\/pablocarpintero.es\/wp-content\/uploads\/2022\/04\/Gaita-de-Xan-de-Campano.jpg\" \/>\n\t<meta property=\"og:image:width\" content=\"1921\" \/>\n\t<meta property=\"og:image:height\" content=\"1155\" \/>\n\t<meta property=\"og:image:type\" content=\"image\/jpeg\" \/>\n<meta name=\"author\" content=\"pablo\" \/>\n<meta name=\"twitter:card\" content=\"summary_large_image\" \/>\n<meta name=\"twitter:label1\" content=\"Escrito por\" \/>\n\t<meta name=\"twitter:data1\" content=\"pablo\" \/>\n\t<meta name=\"twitter:label2\" content=\"Tiempo de lectura\" \/>\n\t<meta name=\"twitter:data2\" content=\"4 minutos\" \/>\n<script type=\"application\/ld+json\" class=\"yoast-schema-graph\">{\"@context\":\"https:\/\/schema.org\",\"@graph\":[{\"@type\":\"Article\",\"@id\":\"https:\/\/pablocarpintero.es\/achamos-gaitas-en-galicia-e-portugal-en-uso-dende-a-idade-media\/#article\",\"isPartOf\":{\"@id\":\"https:\/\/pablocarpintero.es\/achamos-gaitas-en-galicia-e-portugal-en-uso-dende-a-idade-media\/\"},\"author\":{\"name\":\"pablo\",\"@id\":\"https:\/\/pablocarpintero.es\/#\/schema\/person\/a964d2df7b9dd44c619384f2569f2972\"},\"headline\":\"Achamos gaitas en Galicia e Portugal en uso dende a Idade Media\",\"datePublished\":\"2022-04-20T11:56:47+00:00\",\"dateModified\":\"2022-04-21T05:40:05+00:00\",\"mainEntityOfPage\":{\"@id\":\"https:\/\/pablocarpintero.es\/achamos-gaitas-en-galicia-e-portugal-en-uso-dende-a-idade-media\/\"},\"wordCount\":813,\"commentCount\":0,\"image\":{\"@id\":\"https:\/\/pablocarpintero.es\/achamos-gaitas-en-galicia-e-portugal-en-uso-dende-a-idade-media\/#primaryimage\"},\"thumbnailUrl\":\"https:\/\/pablocarpintero.es\/wp-content\/uploads\/2022\/04\/Gaita-de-Xan-de-Campano.jpg\",\"articleSection\":[\"Instrumentos musicais\"],\"inLanguage\":\"es\",\"potentialAction\":[{\"@type\":\"CommentAction\",\"name\":\"Comment\",\"target\":[\"https:\/\/pablocarpintero.es\/achamos-gaitas-en-galicia-e-portugal-en-uso-dende-a-idade-media\/#respond\"]}]},{\"@type\":\"WebPage\",\"@id\":\"https:\/\/pablocarpintero.es\/achamos-gaitas-en-galicia-e-portugal-en-uso-dende-a-idade-media\/\",\"url\":\"https:\/\/pablocarpintero.es\/achamos-gaitas-en-galicia-e-portugal-en-uso-dende-a-idade-media\/\",\"name\":\"Achamos gaitas en Galicia e Portugal en uso dende a Idade Media - Pablo Carpintero\",\"isPartOf\":{\"@id\":\"https:\/\/pablocarpintero.es\/#website\"},\"primaryImageOfPage\":{\"@id\":\"https:\/\/pablocarpintero.es\/achamos-gaitas-en-galicia-e-portugal-en-uso-dende-a-idade-media\/#primaryimage\"},\"image\":{\"@id\":\"https:\/\/pablocarpintero.es\/achamos-gaitas-en-galicia-e-portugal-en-uso-dende-a-idade-media\/#primaryimage\"},\"thumbnailUrl\":\"https:\/\/pablocarpintero.es\/wp-content\/uploads\/2022\/04\/Gaita-de-Xan-de-Campano.jpg\",\"datePublished\":\"2022-04-20T11:56:47+00:00\",\"dateModified\":\"2022-04-21T05:40:05+00:00\",\"author\":{\"@id\":\"https:\/\/pablocarpintero.es\/#\/schema\/person\/a964d2df7b9dd44c619384f2569f2972\"},\"breadcrumb\":{\"@id\":\"https:\/\/pablocarpintero.es\/achamos-gaitas-en-galicia-e-portugal-en-uso-dende-a-idade-media\/#breadcrumb\"},\"inLanguage\":\"es\",\"potentialAction\":[{\"@type\":\"ReadAction\",\"target\":[\"https:\/\/pablocarpintero.es\/achamos-gaitas-en-galicia-e-portugal-en-uso-dende-a-idade-media\/\"]}]},{\"@type\":\"ImageObject\",\"inLanguage\":\"es\",\"@id\":\"https:\/\/pablocarpintero.es\/achamos-gaitas-en-galicia-e-portugal-en-uso-dende-a-idade-media\/#primaryimage\",\"url\":\"https:\/\/pablocarpintero.es\/wp-content\/uploads\/2022\/04\/Gaita-de-Xan-de-Campano.jpg\",\"contentUrl\":\"https:\/\/pablocarpintero.es\/wp-content\/uploads\/2022\/04\/Gaita-de-Xan-de-Campano.jpg\",\"width\":1921,\"height\":1155},{\"@type\":\"BreadcrumbList\",\"@id\":\"https:\/\/pablocarpintero.es\/achamos-gaitas-en-galicia-e-portugal-en-uso-dende-a-idade-media\/#breadcrumb\",\"itemListElement\":[{\"@type\":\"ListItem\",\"position\":1,\"name\":\"Portada\",\"item\":\"https:\/\/pablocarpintero.es\/inicio\/\"},{\"@type\":\"ListItem\",\"position\":2,\"name\":\"Achamos gaitas en Galicia e Portugal en uso dende a Idade Media\"}]},{\"@type\":\"WebSite\",\"@id\":\"https:\/\/pablocarpintero.es\/#website\",\"url\":\"https:\/\/pablocarpintero.es\/\",\"name\":\"Pablo Carpintero\",\"description\":\"Otro sitio realizado con WordPress\",\"potentialAction\":[{\"@type\":\"SearchAction\",\"target\":{\"@type\":\"EntryPoint\",\"urlTemplate\":\"https:\/\/pablocarpintero.es\/?s={search_term_string}\"},\"query-input\":{\"@type\":\"PropertyValueSpecification\",\"valueRequired\":true,\"valueName\":\"search_term_string\"}}],\"inLanguage\":\"es\"},{\"@type\":\"Person\",\"@id\":\"https:\/\/pablocarpintero.es\/#\/schema\/person\/a964d2df7b9dd44c619384f2569f2972\",\"name\":\"pablo\",\"image\":{\"@type\":\"ImageObject\",\"inLanguage\":\"es\",\"@id\":\"https:\/\/secure.gravatar.com\/avatar\/fb279e06fe3f9eacc04cd2598b4554448ca3e269fc535a61f2c7063a79133dc8?s=96&d=mm&r=g\",\"url\":\"https:\/\/secure.gravatar.com\/avatar\/fb279e06fe3f9eacc04cd2598b4554448ca3e269fc535a61f2c7063a79133dc8?s=96&d=mm&r=g\",\"contentUrl\":\"https:\/\/secure.gravatar.com\/avatar\/fb279e06fe3f9eacc04cd2598b4554448ca3e269fc535a61f2c7063a79133dc8?s=96&d=mm&r=g\",\"caption\":\"pablo\"},\"sameAs\":[\"https:\/\/pablocarpintero.es\"],\"url\":\"https:\/\/pablocarpintero.es\/es\/author\/pablo\/\"}]}<\/script>\n<!-- \/ Yoast SEO plugin. -->","yoast_head_json":{"title":"Achamos gaitas en Galicia e Portugal en uso dende a Idade Media - Pablo Carpintero","robots":{"index":"index","follow":"follow","max-snippet":"max-snippet:-1","max-image-preview":"max-image-preview:large","max-video-preview":"max-video-preview:-1"},"canonical":"https:\/\/pablocarpintero.es\/es\/achamos-gaitas-en-galicia-e-portugal-en-uso-dende-a-idade-media\/","og_locale":"es_ES","og_type":"article","og_title":"Achamos gaitas en Galicia e Portugal en uso dende a Idade Media - Pablo Carpintero","og_url":"https:\/\/pablocarpintero.es\/es\/achamos-gaitas-en-galicia-e-portugal-en-uso-dende-a-idade-media\/","og_site_name":"Pablo Carpintero","article_published_time":"2022-04-20T11:56:47+00:00","article_modified_time":"2022-04-21T05:40:05+00:00","og_image":[{"width":1921,"height":1155,"url":"https:\/\/pablocarpintero.es\/wp-content\/uploads\/2022\/04\/Gaita-de-Xan-de-Campano.jpg","type":"image\/jpeg"}],"author":"pablo","twitter_card":"summary_large_image","twitter_misc":{"Escrito por":"pablo","Tiempo de lectura":"4 minutos"},"schema":{"@context":"https:\/\/schema.org","@graph":[{"@type":"Article","@id":"https:\/\/pablocarpintero.es\/achamos-gaitas-en-galicia-e-portugal-en-uso-dende-a-idade-media\/#article","isPartOf":{"@id":"https:\/\/pablocarpintero.es\/achamos-gaitas-en-galicia-e-portugal-en-uso-dende-a-idade-media\/"},"author":{"name":"pablo","@id":"https:\/\/pablocarpintero.es\/#\/schema\/person\/a964d2df7b9dd44c619384f2569f2972"},"headline":"Achamos gaitas en Galicia e Portugal en uso dende a Idade Media","datePublished":"2022-04-20T11:56:47+00:00","dateModified":"2022-04-21T05:40:05+00:00","mainEntityOfPage":{"@id":"https:\/\/pablocarpintero.es\/achamos-gaitas-en-galicia-e-portugal-en-uso-dende-a-idade-media\/"},"wordCount":813,"commentCount":0,"image":{"@id":"https:\/\/pablocarpintero.es\/achamos-gaitas-en-galicia-e-portugal-en-uso-dende-a-idade-media\/#primaryimage"},"thumbnailUrl":"https:\/\/pablocarpintero.es\/wp-content\/uploads\/2022\/04\/Gaita-de-Xan-de-Campano.jpg","articleSection":["Instrumentos musicais"],"inLanguage":"es","potentialAction":[{"@type":"CommentAction","name":"Comment","target":["https:\/\/pablocarpintero.es\/achamos-gaitas-en-galicia-e-portugal-en-uso-dende-a-idade-media\/#respond"]}]},{"@type":"WebPage","@id":"https:\/\/pablocarpintero.es\/achamos-gaitas-en-galicia-e-portugal-en-uso-dende-a-idade-media\/","url":"https:\/\/pablocarpintero.es\/achamos-gaitas-en-galicia-e-portugal-en-uso-dende-a-idade-media\/","name":"Achamos gaitas en Galicia e Portugal en uso dende a Idade Media - Pablo Carpintero","isPartOf":{"@id":"https:\/\/pablocarpintero.es\/#website"},"primaryImageOfPage":{"@id":"https:\/\/pablocarpintero.es\/achamos-gaitas-en-galicia-e-portugal-en-uso-dende-a-idade-media\/#primaryimage"},"image":{"@id":"https:\/\/pablocarpintero.es\/achamos-gaitas-en-galicia-e-portugal-en-uso-dende-a-idade-media\/#primaryimage"},"thumbnailUrl":"https:\/\/pablocarpintero.es\/wp-content\/uploads\/2022\/04\/Gaita-de-Xan-de-Campano.jpg","datePublished":"2022-04-20T11:56:47+00:00","dateModified":"2022-04-21T05:40:05+00:00","author":{"@id":"https:\/\/pablocarpintero.es\/#\/schema\/person\/a964d2df7b9dd44c619384f2569f2972"},"breadcrumb":{"@id":"https:\/\/pablocarpintero.es\/achamos-gaitas-en-galicia-e-portugal-en-uso-dende-a-idade-media\/#breadcrumb"},"inLanguage":"es","potentialAction":[{"@type":"ReadAction","target":["https:\/\/pablocarpintero.es\/achamos-gaitas-en-galicia-e-portugal-en-uso-dende-a-idade-media\/"]}]},{"@type":"ImageObject","inLanguage":"es","@id":"https:\/\/pablocarpintero.es\/achamos-gaitas-en-galicia-e-portugal-en-uso-dende-a-idade-media\/#primaryimage","url":"https:\/\/pablocarpintero.es\/wp-content\/uploads\/2022\/04\/Gaita-de-Xan-de-Campano.jpg","contentUrl":"https:\/\/pablocarpintero.es\/wp-content\/uploads\/2022\/04\/Gaita-de-Xan-de-Campano.jpg","width":1921,"height":1155},{"@type":"BreadcrumbList","@id":"https:\/\/pablocarpintero.es\/achamos-gaitas-en-galicia-e-portugal-en-uso-dende-a-idade-media\/#breadcrumb","itemListElement":[{"@type":"ListItem","position":1,"name":"Portada","item":"https:\/\/pablocarpintero.es\/inicio\/"},{"@type":"ListItem","position":2,"name":"Achamos gaitas en Galicia e Portugal en uso dende a Idade Media"}]},{"@type":"WebSite","@id":"https:\/\/pablocarpintero.es\/#website","url":"https:\/\/pablocarpintero.es\/","name":"Pablo Carpintero","description":"Otro sitio realizado con WordPress","potentialAction":[{"@type":"SearchAction","target":{"@type":"EntryPoint","urlTemplate":"https:\/\/pablocarpintero.es\/?s={search_term_string}"},"query-input":{"@type":"PropertyValueSpecification","valueRequired":true,"valueName":"search_term_string"}}],"inLanguage":"es"},{"@type":"Person","@id":"https:\/\/pablocarpintero.es\/#\/schema\/person\/a964d2df7b9dd44c619384f2569f2972","name":"pablo","image":{"@type":"ImageObject","inLanguage":"es","@id":"https:\/\/secure.gravatar.com\/avatar\/fb279e06fe3f9eacc04cd2598b4554448ca3e269fc535a61f2c7063a79133dc8?s=96&d=mm&r=g","url":"https:\/\/secure.gravatar.com\/avatar\/fb279e06fe3f9eacc04cd2598b4554448ca3e269fc535a61f2c7063a79133dc8?s=96&d=mm&r=g","contentUrl":"https:\/\/secure.gravatar.com\/avatar\/fb279e06fe3f9eacc04cd2598b4554448ca3e269fc535a61f2c7063a79133dc8?s=96&d=mm&r=g","caption":"pablo"},"sameAs":["https:\/\/pablocarpintero.es"],"url":"https:\/\/pablocarpintero.es\/es\/author\/pablo\/"}]}},"_links":{"self":[{"href":"https:\/\/pablocarpintero.es\/es\/wp-json\/wp\/v2\/posts\/1967","targetHints":{"allow":["GET"]}}],"collection":[{"href":"https:\/\/pablocarpintero.es\/es\/wp-json\/wp\/v2\/posts"}],"about":[{"href":"https:\/\/pablocarpintero.es\/es\/wp-json\/wp\/v2\/types\/post"}],"author":[{"embeddable":true,"href":"https:\/\/pablocarpintero.es\/es\/wp-json\/wp\/v2\/users\/1"}],"replies":[{"embeddable":true,"href":"https:\/\/pablocarpintero.es\/es\/wp-json\/wp\/v2\/comments?post=1967"}],"version-history":[{"count":4,"href":"https:\/\/pablocarpintero.es\/es\/wp-json\/wp\/v2\/posts\/1967\/revisions"}],"predecessor-version":[{"id":1974,"href":"https:\/\/pablocarpintero.es\/es\/wp-json\/wp\/v2\/posts\/1967\/revisions\/1974"}],"wp:featuredmedia":[{"embeddable":true,"href":"https:\/\/pablocarpintero.es\/es\/wp-json\/wp\/v2\/media\/1968"}],"wp:attachment":[{"href":"https:\/\/pablocarpintero.es\/es\/wp-json\/wp\/v2\/media?parent=1967"}],"wp:term":[{"taxonomy":"category","embeddable":true,"href":"https:\/\/pablocarpintero.es\/es\/wp-json\/wp\/v2\/categories?post=1967"},{"taxonomy":"post_tag","embeddable":true,"href":"https:\/\/pablocarpintero.es\/es\/wp-json\/wp\/v2\/tags?post=1967"}],"curies":[{"name":"wp","href":"https:\/\/api.w.org\/{rel}","templated":true}]}}