{"id":2023,"date":"2022-07-06T19:06:48","date_gmt":"2022-07-06T19:06:48","guid":{"rendered":"https:\/\/pablocarpintero.es\/?p=2023"},"modified":"2022-07-06T19:12:42","modified_gmt":"2022-07-06T19:12:42","slug":"unha-gaita-de-ronquillo-do-seculo-xvii","status":"publish","type":"post","link":"https:\/\/pablocarpintero.es\/es\/unha-gaita-de-ronquillo-do-seculo-xvii\/","title":{"rendered":"Unha gaita de ronquillo do s\u00e9culo XVII"},"content":{"rendered":"<style type=\"text\/css\" data-created_by=\"avia_inline_auto\" id=\"style-css-av-l59z0712-6932577e489abf26820faf0790f7d72b\">\n.avia-image-container.av-l59z0712-6932577e489abf26820faf0790f7d72b img.avia_image{\nbox-shadow:none;\n}\n.avia-image-container.av-l59z0712-6932577e489abf26820faf0790f7d72b .av-image-caption-overlay-center{\ncolor:#ffffff;\n}\n<\/style>\n<div  class='avia-image-container av-l59z0712-6932577e489abf26820faf0790f7d72b av-styling- avia-align-center  avia-builder-el-0  el_before_av_textblock  avia-builder-el-first'   itemprop=\"image\" itemscope=\"itemscope\" itemtype=\"https:\/\/schema.org\/ImageObject\" ><div class=\"avia-image-container-inner\"><div class=\"avia-image-overlay-wrap\"><img decoding=\"async\" class='wp-image-2024 avia-img-lazy-loading-not-2024 avia_image' src=\"https:\/\/pablocarpintero.es\/wp-content\/uploads\/2022\/07\/Gaita-Mogor.jpg\" alt='' title='Gaita Mogor'  height=\"905\" width=\"1225\"  itemprop=\"thumbnailUrl\" srcset=\"https:\/\/pablocarpintero.es\/wp-content\/uploads\/2022\/07\/Gaita-Mogor.jpg 1225w, https:\/\/pablocarpintero.es\/wp-content\/uploads\/2022\/07\/Gaita-Mogor-600x443.jpg 600w, https:\/\/pablocarpintero.es\/wp-content\/uploads\/2022\/07\/Gaita-Mogor-300x222.jpg 300w, https:\/\/pablocarpintero.es\/wp-content\/uploads\/2022\/07\/Gaita-Mogor-1030x761.jpg 1030w, https:\/\/pablocarpintero.es\/wp-content\/uploads\/2022\/07\/Gaita-Mogor-768x567.jpg 768w, https:\/\/pablocarpintero.es\/wp-content\/uploads\/2022\/07\/Gaita-Mogor-16x12.jpg 16w, https:\/\/pablocarpintero.es\/wp-content\/uploads\/2022\/07\/Gaita-Mogor-705x521.jpg 705w\" sizes=\"(max-width: 1225px) 100vw, 1225px\" \/><\/div><\/div><\/div>\n<section  class='av_textblock_section av-l59yxtbd-d5af00f80383c036f7f9dbd80fed6098'   itemscope=\"itemscope\" itemtype=\"https:\/\/schema.org\/BlogPosting\" itemprop=\"blogPost\" ><div class='avia_textblock'  itemprop=\"text\" ><p><strong>Unha gaita de ronquillo do s\u00e9culo XVII.<\/strong><\/p>\n<p>Dentro do proxecto de dataci\u00f3ns que vi\u00f1emos desenvolvendo dende hai anos, unha das gaitas que o noso modelo daba con moita antig\u00fcidade era a que pertencera a Jos\u00e9 Mar\u00eda Garc\u00eda, gaiteiro de Mogor (Pontevedra). nha gaita que foi achada por Jos\u00e9 Gil e que agora garda Jos\u00e9 Garc\u00eda, o descendente do gaiteiro e que moi amablemente nola presta para tocares con ela.<\/p>\n<p>O seu puntero foi un dos que, datada a s\u00faa madeira polo Carbono 14, permitiunos validar o noso modelo de dataci\u00f3n polos desgastes.<\/p>\n<p>Esta gaita xa fora restaurada hai un par de anos por n\u00f3s e agora grabamos un v\u00eddeo para que poidades escoitala e vela mellor. Preme <a href=\"https:\/\/www.youtube.com\/watch?v=XwNUVrT0qXI\">aqu\u00ed<\/a> se queres escoitar esta marabilla.<\/p>\n<\/div><\/section>","protected":false},"excerpt":{"rendered":"","protected":false},"author":1,"featured_media":2027,"comment_status":"open","ping_status":"open","sticky":false,"template":"","format":"standard","meta":{"give_campaign_id":0,"_joinchat":[],"footnotes":""},"categories":[1],"tags":[],"class_list":["post-2023","post","type-post","status-publish","format-standard","has-post-thumbnail","hentry","category-instrumentos-musicais"],"yoast_head":"<!-- This site is optimized with the Yoast SEO plugin v27.2 - https:\/\/yoast.com\/product\/yoast-seo-wordpress\/ -->\n<title>Unha gaita de ronquillo do s\u00e9culo XVII - Pablo Carpintero<\/title>\n<meta name=\"robots\" content=\"index, follow, max-snippet:-1, max-image-preview:large, max-video-preview:-1\" \/>\n<link rel=\"canonical\" href=\"https:\/\/pablocarpintero.es\/es\/unha-gaita-de-ronquillo-do-seculo-xvii\/\" \/>\n<meta property=\"og:locale\" content=\"es_ES\" \/>\n<meta property=\"og:type\" content=\"article\" \/>\n<meta property=\"og:title\" content=\"Unha gaita de ronquillo do s\u00e9culo XVII - Pablo Carpintero\" \/>\n<meta property=\"og:url\" content=\"https:\/\/pablocarpintero.es\/es\/unha-gaita-de-ronquillo-do-seculo-xvii\/\" \/>\n<meta property=\"og:site_name\" content=\"Pablo Carpintero\" \/>\n<meta property=\"article:published_time\" content=\"2022-07-06T19:06:48+00:00\" \/>\n<meta property=\"article:modified_time\" content=\"2022-07-06T19:12:42+00:00\" \/>\n<meta property=\"og:image\" content=\"https:\/\/pablocarpintero.es\/wp-content\/uploads\/2022\/07\/Gaita-Mogor-1.jpg\" \/>\n\t<meta property=\"og:image:width\" content=\"1219\" \/>\n\t<meta property=\"og:image:height\" content=\"649\" \/>\n\t<meta property=\"og:image:type\" content=\"image\/jpeg\" \/>\n<meta name=\"author\" content=\"pablo\" \/>\n<meta name=\"twitter:card\" content=\"summary_large_image\" \/>\n<meta name=\"twitter:label1\" content=\"Escrito por\" \/>\n\t<meta name=\"twitter:data1\" content=\"pablo\" \/>\n\t<meta name=\"twitter:label2\" content=\"Tiempo de lectura\" \/>\n\t<meta name=\"twitter:data2\" content=\"1 minuto\" \/>\n<script type=\"application\/ld+json\" class=\"yoast-schema-graph\">{\"@context\":\"https:\/\/schema.org\",\"@graph\":[{\"@type\":\"Article\",\"@id\":\"https:\/\/pablocarpintero.es\/unha-gaita-de-ronquillo-do-seculo-xvii\/#article\",\"isPartOf\":{\"@id\":\"https:\/\/pablocarpintero.es\/unha-gaita-de-ronquillo-do-seculo-xvii\/\"},\"author\":{\"name\":\"pablo\",\"@id\":\"https:\/\/pablocarpintero.es\/#\/schema\/person\/a964d2df7b9dd44c619384f2569f2972\"},\"headline\":\"Unha gaita de ronquillo do s\u00e9culo XVII\",\"datePublished\":\"2022-07-06T19:06:48+00:00\",\"dateModified\":\"2022-07-06T19:12:42+00:00\",\"mainEntityOfPage\":{\"@id\":\"https:\/\/pablocarpintero.es\/unha-gaita-de-ronquillo-do-seculo-xvii\/\"},\"wordCount\":236,\"commentCount\":0,\"image\":{\"@id\":\"https:\/\/pablocarpintero.es\/unha-gaita-de-ronquillo-do-seculo-xvii\/#primaryimage\"},\"thumbnailUrl\":\"https:\/\/pablocarpintero.es\/wp-content\/uploads\/2022\/07\/Gaita-Mogor-1.jpg\",\"articleSection\":[\"Instrumentos musicais\"],\"inLanguage\":\"es\",\"potentialAction\":[{\"@type\":\"CommentAction\",\"name\":\"Comment\",\"target\":[\"https:\/\/pablocarpintero.es\/unha-gaita-de-ronquillo-do-seculo-xvii\/#respond\"]}]},{\"@type\":\"WebPage\",\"@id\":\"https:\/\/pablocarpintero.es\/unha-gaita-de-ronquillo-do-seculo-xvii\/\",\"url\":\"https:\/\/pablocarpintero.es\/unha-gaita-de-ronquillo-do-seculo-xvii\/\",\"name\":\"Unha gaita de ronquillo do s\u00e9culo XVII - Pablo Carpintero\",\"isPartOf\":{\"@id\":\"https:\/\/pablocarpintero.es\/#website\"},\"primaryImageOfPage\":{\"@id\":\"https:\/\/pablocarpintero.es\/unha-gaita-de-ronquillo-do-seculo-xvii\/#primaryimage\"},\"image\":{\"@id\":\"https:\/\/pablocarpintero.es\/unha-gaita-de-ronquillo-do-seculo-xvii\/#primaryimage\"},\"thumbnailUrl\":\"https:\/\/pablocarpintero.es\/wp-content\/uploads\/2022\/07\/Gaita-Mogor-1.jpg\",\"datePublished\":\"2022-07-06T19:06:48+00:00\",\"dateModified\":\"2022-07-06T19:12:42+00:00\",\"author\":{\"@id\":\"https:\/\/pablocarpintero.es\/#\/schema\/person\/a964d2df7b9dd44c619384f2569f2972\"},\"breadcrumb\":{\"@id\":\"https:\/\/pablocarpintero.es\/unha-gaita-de-ronquillo-do-seculo-xvii\/#breadcrumb\"},\"inLanguage\":\"es\",\"potentialAction\":[{\"@type\":\"ReadAction\",\"target\":[\"https:\/\/pablocarpintero.es\/unha-gaita-de-ronquillo-do-seculo-xvii\/\"]}]},{\"@type\":\"ImageObject\",\"inLanguage\":\"es\",\"@id\":\"https:\/\/pablocarpintero.es\/unha-gaita-de-ronquillo-do-seculo-xvii\/#primaryimage\",\"url\":\"https:\/\/pablocarpintero.es\/wp-content\/uploads\/2022\/07\/Gaita-Mogor-1.jpg\",\"contentUrl\":\"https:\/\/pablocarpintero.es\/wp-content\/uploads\/2022\/07\/Gaita-Mogor-1.jpg\",\"width\":1219,\"height\":649},{\"@type\":\"BreadcrumbList\",\"@id\":\"https:\/\/pablocarpintero.es\/unha-gaita-de-ronquillo-do-seculo-xvii\/#breadcrumb\",\"itemListElement\":[{\"@type\":\"ListItem\",\"position\":1,\"name\":\"Portada\",\"item\":\"https:\/\/pablocarpintero.es\/inicio\/\"},{\"@type\":\"ListItem\",\"position\":2,\"name\":\"Unha gaita de ronquillo do s\u00e9culo XVII\"}]},{\"@type\":\"WebSite\",\"@id\":\"https:\/\/pablocarpintero.es\/#website\",\"url\":\"https:\/\/pablocarpintero.es\/\",\"name\":\"Pablo Carpintero\",\"description\":\"Otro sitio realizado con WordPress\",\"potentialAction\":[{\"@type\":\"SearchAction\",\"target\":{\"@type\":\"EntryPoint\",\"urlTemplate\":\"https:\/\/pablocarpintero.es\/?s={search_term_string}\"},\"query-input\":{\"@type\":\"PropertyValueSpecification\",\"valueRequired\":true,\"valueName\":\"search_term_string\"}}],\"inLanguage\":\"es\"},{\"@type\":\"Person\",\"@id\":\"https:\/\/pablocarpintero.es\/#\/schema\/person\/a964d2df7b9dd44c619384f2569f2972\",\"name\":\"pablo\",\"image\":{\"@type\":\"ImageObject\",\"inLanguage\":\"es\",\"@id\":\"https:\/\/secure.gravatar.com\/avatar\/fb279e06fe3f9eacc04cd2598b4554448ca3e269fc535a61f2c7063a79133dc8?s=96&d=mm&r=g\",\"url\":\"https:\/\/secure.gravatar.com\/avatar\/fb279e06fe3f9eacc04cd2598b4554448ca3e269fc535a61f2c7063a79133dc8?s=96&d=mm&r=g\",\"contentUrl\":\"https:\/\/secure.gravatar.com\/avatar\/fb279e06fe3f9eacc04cd2598b4554448ca3e269fc535a61f2c7063a79133dc8?s=96&d=mm&r=g\",\"caption\":\"pablo\"},\"sameAs\":[\"https:\/\/pablocarpintero.es\"],\"url\":\"https:\/\/pablocarpintero.es\/es\/author\/pablo\/\"}]}<\/script>\n<!-- \/ Yoast SEO plugin. -->","yoast_head_json":{"title":"Unha gaita de ronquillo do s\u00e9culo XVII - Pablo Carpintero","robots":{"index":"index","follow":"follow","max-snippet":"max-snippet:-1","max-image-preview":"max-image-preview:large","max-video-preview":"max-video-preview:-1"},"canonical":"https:\/\/pablocarpintero.es\/es\/unha-gaita-de-ronquillo-do-seculo-xvii\/","og_locale":"es_ES","og_type":"article","og_title":"Unha gaita de ronquillo do s\u00e9culo XVII - Pablo Carpintero","og_url":"https:\/\/pablocarpintero.es\/es\/unha-gaita-de-ronquillo-do-seculo-xvii\/","og_site_name":"Pablo Carpintero","article_published_time":"2022-07-06T19:06:48+00:00","article_modified_time":"2022-07-06T19:12:42+00:00","og_image":[{"width":1219,"height":649,"url":"https:\/\/pablocarpintero.es\/wp-content\/uploads\/2022\/07\/Gaita-Mogor-1.jpg","type":"image\/jpeg"}],"author":"pablo","twitter_card":"summary_large_image","twitter_misc":{"Escrito por":"pablo","Tiempo de lectura":"1 minuto"},"schema":{"@context":"https:\/\/schema.org","@graph":[{"@type":"Article","@id":"https:\/\/pablocarpintero.es\/unha-gaita-de-ronquillo-do-seculo-xvii\/#article","isPartOf":{"@id":"https:\/\/pablocarpintero.es\/unha-gaita-de-ronquillo-do-seculo-xvii\/"},"author":{"name":"pablo","@id":"https:\/\/pablocarpintero.es\/#\/schema\/person\/a964d2df7b9dd44c619384f2569f2972"},"headline":"Unha gaita de ronquillo do s\u00e9culo XVII","datePublished":"2022-07-06T19:06:48+00:00","dateModified":"2022-07-06T19:12:42+00:00","mainEntityOfPage":{"@id":"https:\/\/pablocarpintero.es\/unha-gaita-de-ronquillo-do-seculo-xvii\/"},"wordCount":236,"commentCount":0,"image":{"@id":"https:\/\/pablocarpintero.es\/unha-gaita-de-ronquillo-do-seculo-xvii\/#primaryimage"},"thumbnailUrl":"https:\/\/pablocarpintero.es\/wp-content\/uploads\/2022\/07\/Gaita-Mogor-1.jpg","articleSection":["Instrumentos musicais"],"inLanguage":"es","potentialAction":[{"@type":"CommentAction","name":"Comment","target":["https:\/\/pablocarpintero.es\/unha-gaita-de-ronquillo-do-seculo-xvii\/#respond"]}]},{"@type":"WebPage","@id":"https:\/\/pablocarpintero.es\/unha-gaita-de-ronquillo-do-seculo-xvii\/","url":"https:\/\/pablocarpintero.es\/unha-gaita-de-ronquillo-do-seculo-xvii\/","name":"Unha gaita de ronquillo do s\u00e9culo XVII - Pablo Carpintero","isPartOf":{"@id":"https:\/\/pablocarpintero.es\/#website"},"primaryImageOfPage":{"@id":"https:\/\/pablocarpintero.es\/unha-gaita-de-ronquillo-do-seculo-xvii\/#primaryimage"},"image":{"@id":"https:\/\/pablocarpintero.es\/unha-gaita-de-ronquillo-do-seculo-xvii\/#primaryimage"},"thumbnailUrl":"https:\/\/pablocarpintero.es\/wp-content\/uploads\/2022\/07\/Gaita-Mogor-1.jpg","datePublished":"2022-07-06T19:06:48+00:00","dateModified":"2022-07-06T19:12:42+00:00","author":{"@id":"https:\/\/pablocarpintero.es\/#\/schema\/person\/a964d2df7b9dd44c619384f2569f2972"},"breadcrumb":{"@id":"https:\/\/pablocarpintero.es\/unha-gaita-de-ronquillo-do-seculo-xvii\/#breadcrumb"},"inLanguage":"es","potentialAction":[{"@type":"ReadAction","target":["https:\/\/pablocarpintero.es\/unha-gaita-de-ronquillo-do-seculo-xvii\/"]}]},{"@type":"ImageObject","inLanguage":"es","@id":"https:\/\/pablocarpintero.es\/unha-gaita-de-ronquillo-do-seculo-xvii\/#primaryimage","url":"https:\/\/pablocarpintero.es\/wp-content\/uploads\/2022\/07\/Gaita-Mogor-1.jpg","contentUrl":"https:\/\/pablocarpintero.es\/wp-content\/uploads\/2022\/07\/Gaita-Mogor-1.jpg","width":1219,"height":649},{"@type":"BreadcrumbList","@id":"https:\/\/pablocarpintero.es\/unha-gaita-de-ronquillo-do-seculo-xvii\/#breadcrumb","itemListElement":[{"@type":"ListItem","position":1,"name":"Portada","item":"https:\/\/pablocarpintero.es\/inicio\/"},{"@type":"ListItem","position":2,"name":"Unha gaita de ronquillo do s\u00e9culo XVII"}]},{"@type":"WebSite","@id":"https:\/\/pablocarpintero.es\/#website","url":"https:\/\/pablocarpintero.es\/","name":"Pablo Carpintero","description":"Otro sitio realizado con WordPress","potentialAction":[{"@type":"SearchAction","target":{"@type":"EntryPoint","urlTemplate":"https:\/\/pablocarpintero.es\/?s={search_term_string}"},"query-input":{"@type":"PropertyValueSpecification","valueRequired":true,"valueName":"search_term_string"}}],"inLanguage":"es"},{"@type":"Person","@id":"https:\/\/pablocarpintero.es\/#\/schema\/person\/a964d2df7b9dd44c619384f2569f2972","name":"pablo","image":{"@type":"ImageObject","inLanguage":"es","@id":"https:\/\/secure.gravatar.com\/avatar\/fb279e06fe3f9eacc04cd2598b4554448ca3e269fc535a61f2c7063a79133dc8?s=96&d=mm&r=g","url":"https:\/\/secure.gravatar.com\/avatar\/fb279e06fe3f9eacc04cd2598b4554448ca3e269fc535a61f2c7063a79133dc8?s=96&d=mm&r=g","contentUrl":"https:\/\/secure.gravatar.com\/avatar\/fb279e06fe3f9eacc04cd2598b4554448ca3e269fc535a61f2c7063a79133dc8?s=96&d=mm&r=g","caption":"pablo"},"sameAs":["https:\/\/pablocarpintero.es"],"url":"https:\/\/pablocarpintero.es\/es\/author\/pablo\/"}]}},"_links":{"self":[{"href":"https:\/\/pablocarpintero.es\/es\/wp-json\/wp\/v2\/posts\/2023","targetHints":{"allow":["GET"]}}],"collection":[{"href":"https:\/\/pablocarpintero.es\/es\/wp-json\/wp\/v2\/posts"}],"about":[{"href":"https:\/\/pablocarpintero.es\/es\/wp-json\/wp\/v2\/types\/post"}],"author":[{"embeddable":true,"href":"https:\/\/pablocarpintero.es\/es\/wp-json\/wp\/v2\/users\/1"}],"replies":[{"embeddable":true,"href":"https:\/\/pablocarpintero.es\/es\/wp-json\/wp\/v2\/comments?post=2023"}],"version-history":[{"count":2,"href":"https:\/\/pablocarpintero.es\/es\/wp-json\/wp\/v2\/posts\/2023\/revisions"}],"predecessor-version":[{"id":2026,"href":"https:\/\/pablocarpintero.es\/es\/wp-json\/wp\/v2\/posts\/2023\/revisions\/2026"}],"wp:featuredmedia":[{"embeddable":true,"href":"https:\/\/pablocarpintero.es\/es\/wp-json\/wp\/v2\/media\/2027"}],"wp:attachment":[{"href":"https:\/\/pablocarpintero.es\/es\/wp-json\/wp\/v2\/media?parent=2023"}],"wp:term":[{"taxonomy":"category","embeddable":true,"href":"https:\/\/pablocarpintero.es\/es\/wp-json\/wp\/v2\/categories?post=2023"},{"taxonomy":"post_tag","embeddable":true,"href":"https:\/\/pablocarpintero.es\/es\/wp-json\/wp\/v2\/tags?post=2023"}],"curies":[{"name":"wp","href":"https:\/\/api.w.org\/{rel}","templated":true}]}}