{"id":2081,"date":"2022-12-21T04:58:56","date_gmt":"2022-12-21T04:58:56","guid":{"rendered":"https:\/\/pablocarpintero.es\/?p=2081"},"modified":"2023-01-07T07:13:48","modified_gmt":"2023-01-07T07:13:48","slug":"exposicion-de-instrumentos-musicais-en-lugo","status":"publish","type":"post","link":"https:\/\/pablocarpintero.es\/es\/exposicion-de-instrumentos-musicais-en-lugo\/","title":{"rendered":"EXPOSICI\u00d3N DE INSTRUMENTOS MUSICAIS EN LUGO"},"content":{"rendered":"<style type=\"text\/css\" data-created_by=\"avia_inline_auto\" id=\"style-css-av-lbx6ot22-a3d38a5de8ca8909d0ab5cf821469a52\">\n.avia-image-container.av-lbx6ot22-a3d38a5de8ca8909d0ab5cf821469a52 img.avia_image{\nbox-shadow:none;\n}\n.avia-image-container.av-lbx6ot22-a3d38a5de8ca8909d0ab5cf821469a52 .av-image-caption-overlay-center{\ncolor:#ffffff;\n}\n<\/style>\n<div  class='avia-image-container av-lbx6ot22-a3d38a5de8ca8909d0ab5cf821469a52 av-styling- avia-align-center  avia-builder-el-0  el_before_av_textblock  avia-builder-el-first'   itemprop=\"image\" itemscope=\"itemscope\" itemtype=\"https:\/\/schema.org\/ImageObject\" ><div class=\"avia-image-container-inner\"><div class=\"avia-image-overlay-wrap\"><img decoding=\"async\" class='wp-image-2083 avia-img-lazy-loading-not-2083 avia_image' src=\"https:\/\/pablocarpintero.es\/wp-content\/uploads\/2022\/12\/1.2-Idade-Antiga-232x300.jpg\" alt='' title='1.2 Idade Antiga'  height=\"300\" width=\"232\"  itemprop=\"thumbnailUrl\" srcset=\"https:\/\/pablocarpintero.es\/wp-content\/uploads\/2022\/12\/1.2-Idade-Antiga-232x300.jpg 232w, https:\/\/pablocarpintero.es\/wp-content\/uploads\/2022\/12\/1.2-Idade-Antiga-600x774.jpg 600w, https:\/\/pablocarpintero.es\/wp-content\/uploads\/2022\/12\/1.2-Idade-Antiga-798x1030.jpg 798w, https:\/\/pablocarpintero.es\/wp-content\/uploads\/2022\/12\/1.2-Idade-Antiga-768x991.jpg 768w, https:\/\/pablocarpintero.es\/wp-content\/uploads\/2022\/12\/1.2-Idade-Antiga-9x12.jpg 9w, https:\/\/pablocarpintero.es\/wp-content\/uploads\/2022\/12\/1.2-Idade-Antiga-546x705.jpg 546w, https:\/\/pablocarpintero.es\/wp-content\/uploads\/2022\/12\/1.2-Idade-Antiga-450x581.jpg 450w, https:\/\/pablocarpintero.es\/wp-content\/uploads\/2022\/12\/1.2-Idade-Antiga.jpg 936w\" sizes=\"(max-width: 232px) 100vw, 232px\" \/><\/div><\/div><\/div>\n<section  class='av_textblock_section av-lbx6kapp-6312dbcd8a79e16637fd20b51cb7baf5'   itemscope=\"itemscope\" itemtype=\"https:\/\/schema.org\/BlogPosting\" itemprop=\"blogPost\" ><div class='avia_textblock'  itemprop=\"text\" ><p>Este Nadal realizamos na CENTRAD en Lugo unha exposici\u00f3n dedicada \u00e1s gaitas de fol na pen\u00ednsula Ib\u00e9rica e Baleares.<\/p>\n<p>Esta exposici\u00f3n presenta as catorce tipolox\u00edas de gaitas de fol do noroeste peninsular (Asturiana, Eo-naviega, Leonesa, Chairega, da Galiza central, gaita de catro voces, gaita de ronquillo e gaita de barqu\u00edn, as gaitas de Entre Douro e Minho, as da regi\u00e3o centro de Portugal e as da Estremadura, as\u00ed como as trasmontanas, sanabresas e alistanas); a gaita de boto aragonesa e a xeremie mallorquina tam\u00e9n te\u00f1en o seu espazo. De cada unha destas tipolox\u00edas montamos un expositor cun cartel onde describimos as s\u00faas caracter\u00edsticas e amosamos unha ou varias gaitas orixinais ou r\u00e9plicas. Tam\u00e9n se amosan as s\u00faas palletas propias e, en moitos casos, reproduci\u00f3ns ou orixinais dos tambores que as acompa\u00f1aban. Hai expositores adicados aos instrumentos da idade antiga que deron orixe \u00e1s gaitas de fol, tam\u00e9n un espazo adicado \u00e1 aprendizaxe dos nenos e os seus instrumentos e outro \u00e1 construci\u00f3n das gaitas de fol, as\u00ed como outro no que amosamos a x\u00e9nese e os diferentes tipos de palletas e pall\u00f3ns do noroeste. En dous expositores contamos a x\u00e9nese da gaita moderna galega, desenvolvida por Basilio Carril nos anos 1970 coas palletas de Olimpio Carril. A\u00ed podedes ver as primeiras gaitas galegas en tons estra\u00f1os como o La grave ou o Fa agudo. Quixemos adicar un grande espazo \u00e1s gaitas da Ulla e ao obradoiro de Riob\u00f3, de onde, nos anos 20, sa\u00edu o primeiro punteiro afinable galego que podedes tam\u00e9n ver. Por \u00faltimo, quixemos dedicar un grande espazo aos instrumentos femininos, pois foron as mulleres o soporte fundamental da nosa m\u00fasica de tradici\u00f3n mais coti\u00e1n.<\/p>\n<p>Para os que non puidestes visitala, gravamos un v\u00eddeo cunha visita guiada a esta exposici\u00f3n guiada polas preguntas do noso amigo Rub\u00e9n Rodr\u00edguez, bi\u00f3logo coma n\u00f3s, que nos fai interesantes preguntas e observaci\u00f3ns. Podedes velo premendo <a href=\"https:\/\/www.youtube.com\/watch?v=u7IxRNaGRt0\">aqu\u00ed<\/a>.<\/p>\n<p>Inauguramos a exposici\u00f3n co concerto &#8220;<a href=\"https:\/\/pablocarpintero.es\/es\/charlas-concertos\/#musicaEvolucion\">M\u00fasica e Evoluci\u00f3n<\/a>&#8221; e pech\u00e1mola\u00a0coa charla-concerto sobre a influencia da paisaxe sobre as gaitas de fol \u00a0&#8220;<a href=\"https:\/\/pablocarpintero.es\/es\/charlas-concertos\/#musicaPaisaje\">M\u00fasica e Paisaxe<\/a>&#8220;.<\/p>\n<\/div><\/section>","protected":false},"excerpt":{"rendered":"","protected":false},"author":1,"featured_media":2082,"comment_status":"open","ping_status":"open","sticky":false,"template":"","format":"standard","meta":{"give_campaign_id":0,"_joinchat":[],"footnotes":""},"categories":[1],"tags":[],"class_list":["post-2081","post","type-post","status-publish","format-standard","has-post-thumbnail","hentry","category-instrumentos-musicais"],"yoast_head":"<!-- This site is optimized with the Yoast SEO plugin v27.2 - https:\/\/yoast.com\/product\/yoast-seo-wordpress\/ -->\n<title>EXPOSICI\u00d3N DE INSTRUMENTOS MUSICAIS EN LUGO - Pablo Carpintero<\/title>\n<meta name=\"robots\" content=\"index, follow, max-snippet:-1, max-image-preview:large, max-video-preview:-1\" \/>\n<link rel=\"canonical\" href=\"https:\/\/pablocarpintero.es\/es\/exposicion-de-instrumentos-musicais-en-lugo\/\" \/>\n<meta property=\"og:locale\" content=\"es_ES\" \/>\n<meta property=\"og:type\" content=\"article\" \/>\n<meta property=\"og:title\" content=\"EXPOSICI\u00d3N DE INSTRUMENTOS MUSICAIS EN LUGO - Pablo Carpintero\" \/>\n<meta property=\"og:url\" content=\"https:\/\/pablocarpintero.es\/es\/exposicion-de-instrumentos-musicais-en-lugo\/\" \/>\n<meta property=\"og:site_name\" content=\"Pablo Carpintero\" \/>\n<meta property=\"article:published_time\" content=\"2022-12-21T04:58:56+00:00\" \/>\n<meta property=\"article:modified_time\" content=\"2023-01-07T07:13:48+00:00\" \/>\n<meta property=\"og:image\" content=\"https:\/\/pablocarpintero.es\/wp-content\/uploads\/2022\/12\/0-xeral.jpg\" \/>\n\t<meta property=\"og:image:width\" content=\"1414\" \/>\n\t<meta property=\"og:image:height\" content=\"594\" \/>\n\t<meta property=\"og:image:type\" content=\"image\/jpeg\" \/>\n<meta name=\"author\" content=\"pablo\" \/>\n<meta name=\"twitter:card\" content=\"summary_large_image\" \/>\n<meta name=\"twitter:label1\" content=\"Escrito por\" \/>\n\t<meta name=\"twitter:data1\" content=\"pablo\" \/>\n\t<meta name=\"twitter:label2\" content=\"Tiempo de lectura\" \/>\n\t<meta name=\"twitter:data2\" content=\"2 minutos\" \/>\n<script type=\"application\/ld+json\" class=\"yoast-schema-graph\">{\"@context\":\"https:\/\/schema.org\",\"@graph\":[{\"@type\":\"Article\",\"@id\":\"https:\/\/pablocarpintero.es\/exposicion-de-instrumentos-musicais-en-lugo\/#article\",\"isPartOf\":{\"@id\":\"https:\/\/pablocarpintero.es\/exposicion-de-instrumentos-musicais-en-lugo\/\"},\"author\":{\"name\":\"pablo\",\"@id\":\"https:\/\/pablocarpintero.es\/#\/schema\/person\/a964d2df7b9dd44c619384f2569f2972\"},\"headline\":\"EXPOSICI\u00d3N DE INSTRUMENTOS MUSICAIS EN LUGO\",\"datePublished\":\"2022-12-21T04:58:56+00:00\",\"dateModified\":\"2023-01-07T07:13:48+00:00\",\"mainEntityOfPage\":{\"@id\":\"https:\/\/pablocarpintero.es\/exposicion-de-instrumentos-musicais-en-lugo\/\"},\"wordCount\":475,\"commentCount\":0,\"image\":{\"@id\":\"https:\/\/pablocarpintero.es\/exposicion-de-instrumentos-musicais-en-lugo\/#primaryimage\"},\"thumbnailUrl\":\"https:\/\/pablocarpintero.es\/wp-content\/uploads\/2022\/12\/0-xeral.jpg\",\"articleSection\":[\"Instrumentos musicais\"],\"inLanguage\":\"es\",\"potentialAction\":[{\"@type\":\"CommentAction\",\"name\":\"Comment\",\"target\":[\"https:\/\/pablocarpintero.es\/exposicion-de-instrumentos-musicais-en-lugo\/#respond\"]}]},{\"@type\":\"WebPage\",\"@id\":\"https:\/\/pablocarpintero.es\/exposicion-de-instrumentos-musicais-en-lugo\/\",\"url\":\"https:\/\/pablocarpintero.es\/exposicion-de-instrumentos-musicais-en-lugo\/\",\"name\":\"EXPOSICI\u00d3N DE INSTRUMENTOS MUSICAIS EN LUGO - Pablo Carpintero\",\"isPartOf\":{\"@id\":\"https:\/\/pablocarpintero.es\/#website\"},\"primaryImageOfPage\":{\"@id\":\"https:\/\/pablocarpintero.es\/exposicion-de-instrumentos-musicais-en-lugo\/#primaryimage\"},\"image\":{\"@id\":\"https:\/\/pablocarpintero.es\/exposicion-de-instrumentos-musicais-en-lugo\/#primaryimage\"},\"thumbnailUrl\":\"https:\/\/pablocarpintero.es\/wp-content\/uploads\/2022\/12\/0-xeral.jpg\",\"datePublished\":\"2022-12-21T04:58:56+00:00\",\"dateModified\":\"2023-01-07T07:13:48+00:00\",\"author\":{\"@id\":\"https:\/\/pablocarpintero.es\/#\/schema\/person\/a964d2df7b9dd44c619384f2569f2972\"},\"breadcrumb\":{\"@id\":\"https:\/\/pablocarpintero.es\/exposicion-de-instrumentos-musicais-en-lugo\/#breadcrumb\"},\"inLanguage\":\"es\",\"potentialAction\":[{\"@type\":\"ReadAction\",\"target\":[\"https:\/\/pablocarpintero.es\/exposicion-de-instrumentos-musicais-en-lugo\/\"]}]},{\"@type\":\"ImageObject\",\"inLanguage\":\"es\",\"@id\":\"https:\/\/pablocarpintero.es\/exposicion-de-instrumentos-musicais-en-lugo\/#primaryimage\",\"url\":\"https:\/\/pablocarpintero.es\/wp-content\/uploads\/2022\/12\/0-xeral.jpg\",\"contentUrl\":\"https:\/\/pablocarpintero.es\/wp-content\/uploads\/2022\/12\/0-xeral.jpg\",\"width\":1414,\"height\":594},{\"@type\":\"BreadcrumbList\",\"@id\":\"https:\/\/pablocarpintero.es\/exposicion-de-instrumentos-musicais-en-lugo\/#breadcrumb\",\"itemListElement\":[{\"@type\":\"ListItem\",\"position\":1,\"name\":\"Portada\",\"item\":\"https:\/\/pablocarpintero.es\/inicio\/\"},{\"@type\":\"ListItem\",\"position\":2,\"name\":\"EXPOSICI\u00d3N DE INSTRUMENTOS MUSICAIS EN LUGO\"}]},{\"@type\":\"WebSite\",\"@id\":\"https:\/\/pablocarpintero.es\/#website\",\"url\":\"https:\/\/pablocarpintero.es\/\",\"name\":\"Pablo Carpintero\",\"description\":\"Otro sitio realizado con WordPress\",\"potentialAction\":[{\"@type\":\"SearchAction\",\"target\":{\"@type\":\"EntryPoint\",\"urlTemplate\":\"https:\/\/pablocarpintero.es\/?s={search_term_string}\"},\"query-input\":{\"@type\":\"PropertyValueSpecification\",\"valueRequired\":true,\"valueName\":\"search_term_string\"}}],\"inLanguage\":\"es\"},{\"@type\":\"Person\",\"@id\":\"https:\/\/pablocarpintero.es\/#\/schema\/person\/a964d2df7b9dd44c619384f2569f2972\",\"name\":\"pablo\",\"image\":{\"@type\":\"ImageObject\",\"inLanguage\":\"es\",\"@id\":\"https:\/\/secure.gravatar.com\/avatar\/fb279e06fe3f9eacc04cd2598b4554448ca3e269fc535a61f2c7063a79133dc8?s=96&d=mm&r=g\",\"url\":\"https:\/\/secure.gravatar.com\/avatar\/fb279e06fe3f9eacc04cd2598b4554448ca3e269fc535a61f2c7063a79133dc8?s=96&d=mm&r=g\",\"contentUrl\":\"https:\/\/secure.gravatar.com\/avatar\/fb279e06fe3f9eacc04cd2598b4554448ca3e269fc535a61f2c7063a79133dc8?s=96&d=mm&r=g\",\"caption\":\"pablo\"},\"sameAs\":[\"https:\/\/pablocarpintero.es\"],\"url\":\"https:\/\/pablocarpintero.es\/es\/author\/pablo\/\"}]}<\/script>\n<!-- \/ Yoast SEO plugin. -->","yoast_head_json":{"title":"EXPOSICI\u00d3N DE INSTRUMENTOS MUSICAIS EN LUGO - Pablo Carpintero","robots":{"index":"index","follow":"follow","max-snippet":"max-snippet:-1","max-image-preview":"max-image-preview:large","max-video-preview":"max-video-preview:-1"},"canonical":"https:\/\/pablocarpintero.es\/es\/exposicion-de-instrumentos-musicais-en-lugo\/","og_locale":"es_ES","og_type":"article","og_title":"EXPOSICI\u00d3N DE INSTRUMENTOS MUSICAIS EN LUGO - Pablo Carpintero","og_url":"https:\/\/pablocarpintero.es\/es\/exposicion-de-instrumentos-musicais-en-lugo\/","og_site_name":"Pablo Carpintero","article_published_time":"2022-12-21T04:58:56+00:00","article_modified_time":"2023-01-07T07:13:48+00:00","og_image":[{"width":1414,"height":594,"url":"https:\/\/pablocarpintero.es\/wp-content\/uploads\/2022\/12\/0-xeral.jpg","type":"image\/jpeg"}],"author":"pablo","twitter_card":"summary_large_image","twitter_misc":{"Escrito por":"pablo","Tiempo de lectura":"2 minutos"},"schema":{"@context":"https:\/\/schema.org","@graph":[{"@type":"Article","@id":"https:\/\/pablocarpintero.es\/exposicion-de-instrumentos-musicais-en-lugo\/#article","isPartOf":{"@id":"https:\/\/pablocarpintero.es\/exposicion-de-instrumentos-musicais-en-lugo\/"},"author":{"name":"pablo","@id":"https:\/\/pablocarpintero.es\/#\/schema\/person\/a964d2df7b9dd44c619384f2569f2972"},"headline":"EXPOSICI\u00d3N DE INSTRUMENTOS MUSICAIS EN LUGO","datePublished":"2022-12-21T04:58:56+00:00","dateModified":"2023-01-07T07:13:48+00:00","mainEntityOfPage":{"@id":"https:\/\/pablocarpintero.es\/exposicion-de-instrumentos-musicais-en-lugo\/"},"wordCount":475,"commentCount":0,"image":{"@id":"https:\/\/pablocarpintero.es\/exposicion-de-instrumentos-musicais-en-lugo\/#primaryimage"},"thumbnailUrl":"https:\/\/pablocarpintero.es\/wp-content\/uploads\/2022\/12\/0-xeral.jpg","articleSection":["Instrumentos musicais"],"inLanguage":"es","potentialAction":[{"@type":"CommentAction","name":"Comment","target":["https:\/\/pablocarpintero.es\/exposicion-de-instrumentos-musicais-en-lugo\/#respond"]}]},{"@type":"WebPage","@id":"https:\/\/pablocarpintero.es\/exposicion-de-instrumentos-musicais-en-lugo\/","url":"https:\/\/pablocarpintero.es\/exposicion-de-instrumentos-musicais-en-lugo\/","name":"EXPOSICI\u00d3N DE INSTRUMENTOS MUSICAIS EN LUGO - Pablo Carpintero","isPartOf":{"@id":"https:\/\/pablocarpintero.es\/#website"},"primaryImageOfPage":{"@id":"https:\/\/pablocarpintero.es\/exposicion-de-instrumentos-musicais-en-lugo\/#primaryimage"},"image":{"@id":"https:\/\/pablocarpintero.es\/exposicion-de-instrumentos-musicais-en-lugo\/#primaryimage"},"thumbnailUrl":"https:\/\/pablocarpintero.es\/wp-content\/uploads\/2022\/12\/0-xeral.jpg","datePublished":"2022-12-21T04:58:56+00:00","dateModified":"2023-01-07T07:13:48+00:00","author":{"@id":"https:\/\/pablocarpintero.es\/#\/schema\/person\/a964d2df7b9dd44c619384f2569f2972"},"breadcrumb":{"@id":"https:\/\/pablocarpintero.es\/exposicion-de-instrumentos-musicais-en-lugo\/#breadcrumb"},"inLanguage":"es","potentialAction":[{"@type":"ReadAction","target":["https:\/\/pablocarpintero.es\/exposicion-de-instrumentos-musicais-en-lugo\/"]}]},{"@type":"ImageObject","inLanguage":"es","@id":"https:\/\/pablocarpintero.es\/exposicion-de-instrumentos-musicais-en-lugo\/#primaryimage","url":"https:\/\/pablocarpintero.es\/wp-content\/uploads\/2022\/12\/0-xeral.jpg","contentUrl":"https:\/\/pablocarpintero.es\/wp-content\/uploads\/2022\/12\/0-xeral.jpg","width":1414,"height":594},{"@type":"BreadcrumbList","@id":"https:\/\/pablocarpintero.es\/exposicion-de-instrumentos-musicais-en-lugo\/#breadcrumb","itemListElement":[{"@type":"ListItem","position":1,"name":"Portada","item":"https:\/\/pablocarpintero.es\/inicio\/"},{"@type":"ListItem","position":2,"name":"EXPOSICI\u00d3N DE INSTRUMENTOS MUSICAIS EN LUGO"}]},{"@type":"WebSite","@id":"https:\/\/pablocarpintero.es\/#website","url":"https:\/\/pablocarpintero.es\/","name":"Pablo Carpintero","description":"Otro sitio realizado con WordPress","potentialAction":[{"@type":"SearchAction","target":{"@type":"EntryPoint","urlTemplate":"https:\/\/pablocarpintero.es\/?s={search_term_string}"},"query-input":{"@type":"PropertyValueSpecification","valueRequired":true,"valueName":"search_term_string"}}],"inLanguage":"es"},{"@type":"Person","@id":"https:\/\/pablocarpintero.es\/#\/schema\/person\/a964d2df7b9dd44c619384f2569f2972","name":"pablo","image":{"@type":"ImageObject","inLanguage":"es","@id":"https:\/\/secure.gravatar.com\/avatar\/fb279e06fe3f9eacc04cd2598b4554448ca3e269fc535a61f2c7063a79133dc8?s=96&d=mm&r=g","url":"https:\/\/secure.gravatar.com\/avatar\/fb279e06fe3f9eacc04cd2598b4554448ca3e269fc535a61f2c7063a79133dc8?s=96&d=mm&r=g","contentUrl":"https:\/\/secure.gravatar.com\/avatar\/fb279e06fe3f9eacc04cd2598b4554448ca3e269fc535a61f2c7063a79133dc8?s=96&d=mm&r=g","caption":"pablo"},"sameAs":["https:\/\/pablocarpintero.es"],"url":"https:\/\/pablocarpintero.es\/es\/author\/pablo\/"}]}},"_links":{"self":[{"href":"https:\/\/pablocarpintero.es\/es\/wp-json\/wp\/v2\/posts\/2081","targetHints":{"allow":["GET"]}}],"collection":[{"href":"https:\/\/pablocarpintero.es\/es\/wp-json\/wp\/v2\/posts"}],"about":[{"href":"https:\/\/pablocarpintero.es\/es\/wp-json\/wp\/v2\/types\/post"}],"author":[{"embeddable":true,"href":"https:\/\/pablocarpintero.es\/es\/wp-json\/wp\/v2\/users\/1"}],"replies":[{"embeddable":true,"href":"https:\/\/pablocarpintero.es\/es\/wp-json\/wp\/v2\/comments?post=2081"}],"version-history":[{"count":4,"href":"https:\/\/pablocarpintero.es\/es\/wp-json\/wp\/v2\/posts\/2081\/revisions"}],"predecessor-version":[{"id":2128,"href":"https:\/\/pablocarpintero.es\/es\/wp-json\/wp\/v2\/posts\/2081\/revisions\/2128"}],"wp:featuredmedia":[{"embeddable":true,"href":"https:\/\/pablocarpintero.es\/es\/wp-json\/wp\/v2\/media\/2082"}],"wp:attachment":[{"href":"https:\/\/pablocarpintero.es\/es\/wp-json\/wp\/v2\/media?parent=2081"}],"wp:term":[{"taxonomy":"category","embeddable":true,"href":"https:\/\/pablocarpintero.es\/es\/wp-json\/wp\/v2\/categories?post=2081"},{"taxonomy":"post_tag","embeddable":true,"href":"https:\/\/pablocarpintero.es\/es\/wp-json\/wp\/v2\/tags?post=2081"}],"curies":[{"name":"wp","href":"https:\/\/api.w.org\/{rel}","templated":true}]}}