{"id":2340,"date":"2023-12-10T08:22:23","date_gmt":"2023-12-10T08:22:23","guid":{"rendered":"https:\/\/pablocarpintero.es\/?p=2340"},"modified":"2023-12-11T07:03:48","modified_gmt":"2023-12-11T07:03:48","slug":"gaita-de-ronquillo-do-obradoiro-riobo-a-estrada-pontevedra","status":"publish","type":"post","link":"https:\/\/pablocarpintero.es\/es\/gaita-de-ronquillo-do-obradoiro-riobo-a-estrada-pontevedra\/","title":{"rendered":"Gaita de ronquillo do obradoiro Riob\u00f3 (A Estrada, Pontevedra)"},"content":{"rendered":"<style type=\"text\/css\" data-created_by=\"avia_inline_auto\" id=\"style-css-av-lpz7txks-a941a5b7ba9368c4933b5acbd5d35674\">\n.avia-image-container.av-lpz7txks-a941a5b7ba9368c4933b5acbd5d35674 img.avia_image{\nbox-shadow:none;\n}\n.avia-image-container.av-lpz7txks-a941a5b7ba9368c4933b5acbd5d35674 .av-image-caption-overlay-center{\ncolor:#ffffff;\n}\n<\/style>\n<div  class='avia-image-container av-lpz7txks-a941a5b7ba9368c4933b5acbd5d35674 av-styling- avia-align-center  avia-builder-el-0  el_before_av_textblock  avia-builder-el-first'   itemprop=\"image\" itemscope=\"itemscope\" itemtype=\"https:\/\/schema.org\/ImageObject\" ><div class=\"avia-image-container-inner\"><div class=\"avia-image-overlay-wrap\"><img decoding=\"async\" class='wp-image-2330 avia-img-lazy-loading-not-2330 avia_image' src=\"https:\/\/pablocarpintero.es\/wp-content\/uploads\/2023\/12\/Gaita-ronquillo-Riobo-4-Pablo-Carpintero-1030x714.jpg\" alt='' title='Gaita ronquillo Riob\u00f3 4 Pablo Carpintero'  height=\"714\" width=\"1030\"  itemprop=\"thumbnailUrl\" srcset=\"https:\/\/pablocarpintero.es\/wp-content\/uploads\/2023\/12\/Gaita-ronquillo-Riobo-4-Pablo-Carpintero-1030x714.jpg 1030w, https:\/\/pablocarpintero.es\/wp-content\/uploads\/2023\/12\/Gaita-ronquillo-Riobo-4-Pablo-Carpintero-300x208.jpg 300w, https:\/\/pablocarpintero.es\/wp-content\/uploads\/2023\/12\/Gaita-ronquillo-Riobo-4-Pablo-Carpintero-768x532.jpg 768w, https:\/\/pablocarpintero.es\/wp-content\/uploads\/2023\/12\/Gaita-ronquillo-Riobo-4-Pablo-Carpintero-1536x1064.jpg 1536w, https:\/\/pablocarpintero.es\/wp-content\/uploads\/2023\/12\/Gaita-ronquillo-Riobo-4-Pablo-Carpintero-18x12.jpg 18w, https:\/\/pablocarpintero.es\/wp-content\/uploads\/2023\/12\/Gaita-ronquillo-Riobo-4-Pablo-Carpintero-1500x1039.jpg 1500w, https:\/\/pablocarpintero.es\/wp-content\/uploads\/2023\/12\/Gaita-ronquillo-Riobo-4-Pablo-Carpintero-705x488.jpg 705w, https:\/\/pablocarpintero.es\/wp-content\/uploads\/2023\/12\/Gaita-ronquillo-Riobo-4-Pablo-Carpintero-450x312.jpg 450w, https:\/\/pablocarpintero.es\/wp-content\/uploads\/2023\/12\/Gaita-ronquillo-Riobo-4-Pablo-Carpintero-1320x915.jpg 1320w, https:\/\/pablocarpintero.es\/wp-content\/uploads\/2023\/12\/Gaita-ronquillo-Riobo-4-Pablo-Carpintero-600x416.jpg 600w, https:\/\/pablocarpintero.es\/wp-content\/uploads\/2023\/12\/Gaita-ronquillo-Riobo-4-Pablo-Carpintero.jpg 1706w\" sizes=\"(max-width: 1030px) 100vw, 1030px\" \/><\/div><\/div><\/div>\n<section  class='av_textblock_section av-lpz7kjvm-118309d79a8bfa80251f8443c785a56c'   itemscope=\"itemscope\" itemtype=\"https:\/\/schema.org\/BlogPosting\" itemprop=\"blogPost\" ><div class='avia_textblock'  itemprop=\"text\" ><p>En este a\u00f1o 2023 se jubila Joaqu\u00edn Espi\u00f1o Mart\u00ednez (1958), regente del taller de gaitas y requintas Garc\u00eda de Riob\u00f3, en A Estrada (Pontevedra). Se trata del taller de instrumentos musicales m\u00e1s antiguo documentado de la Pen\u00ednsula Ib\u00e9rica, con m\u00e1s de 200 a\u00f1os de historia. En \u00e9l se desarrollaron las <a href=\"https:\/\/pablocarpintero.es\/es\/instrumentos-musicais\/frautas-pinfanos-e-requintas\/\">requintas da Ulla<\/a> y el primer puntero afinable en el que la mesa y el fuste se pueden separar mediante un mecanismo deslizante.<\/p>\n<\/div><\/section>\n\n<style type=\"text\/css\" data-created_by=\"avia_inline_auto\" id=\"style-css-av-lpz7pwkk-a28a0e9493bf06fc3a6e41fe8dcd501a\">\n#top .hr.hr-invisible.av-lpz7pwkk-a28a0e9493bf06fc3a6e41fe8dcd501a{\nheight:50px;\n}\n<\/style>\n<div  class='hr av-lpz7pwkk-a28a0e9493bf06fc3a6e41fe8dcd501a hr-invisible  avia-builder-el-2  el_after_av_textblock  el_before_av_image'><span class='hr-inner'><span class=\"hr-inner-style\"><\/span><\/span><\/div>\n\n<style type=\"text\/css\" data-created_by=\"avia_inline_auto\" id=\"style-css-av-lpz7l18z-7ea90c9a0f2b712b37826a52d4bc6c21\">\n.avia-image-container.av-lpz7l18z-7ea90c9a0f2b712b37826a52d4bc6c21 img.avia_image{\nbox-shadow:none;\n}\n.avia-image-container.av-lpz7l18z-7ea90c9a0f2b712b37826a52d4bc6c21 .av-image-caption-overlay-center{\ncolor:#ffffff;\n}\n<\/style>\n<div  class='avia-image-container av-lpz7l18z-7ea90c9a0f2b712b37826a52d4bc6c21 av-styling- avia-align-center  avia-builder-el-3  el_after_av_hr  el_before_av_image'   itemprop=\"image\" itemscope=\"itemscope\" itemtype=\"https:\/\/schema.org\/ImageObject\" ><div class=\"avia-image-container-inner\"><div class=\"avia-image-overlay-wrap\"><img decoding=\"async\" class='wp-image-2335 avia-img-lazy-loading-not-2335 avia_image' src=\"https:\/\/pablocarpintero.es\/wp-content\/uploads\/2023\/12\/Punteiro-afinable-Pablo-Carpintero-1030x258.jpg\" alt='' title='Punteiro afinable Pablo Carpintero'  height=\"258\" width=\"1030\"  itemprop=\"thumbnailUrl\" srcset=\"https:\/\/pablocarpintero.es\/wp-content\/uploads\/2023\/12\/Punteiro-afinable-Pablo-Carpintero-1030x258.jpg 1030w, https:\/\/pablocarpintero.es\/wp-content\/uploads\/2023\/12\/Punteiro-afinable-Pablo-Carpintero-300x75.jpg 300w, https:\/\/pablocarpintero.es\/wp-content\/uploads\/2023\/12\/Punteiro-afinable-Pablo-Carpintero-768x192.jpg 768w, https:\/\/pablocarpintero.es\/wp-content\/uploads\/2023\/12\/Punteiro-afinable-Pablo-Carpintero-1536x384.jpg 1536w, https:\/\/pablocarpintero.es\/wp-content\/uploads\/2023\/12\/Punteiro-afinable-Pablo-Carpintero-2048x512.jpg 2048w, https:\/\/pablocarpintero.es\/wp-content\/uploads\/2023\/12\/Punteiro-afinable-Pablo-Carpintero-18x5.jpg 18w, https:\/\/pablocarpintero.es\/wp-content\/uploads\/2023\/12\/Punteiro-afinable-Pablo-Carpintero-1500x375.jpg 1500w, https:\/\/pablocarpintero.es\/wp-content\/uploads\/2023\/12\/Punteiro-afinable-Pablo-Carpintero-705x176.jpg 705w, https:\/\/pablocarpintero.es\/wp-content\/uploads\/2023\/12\/Punteiro-afinable-Pablo-Carpintero-450x113.jpg 450w, https:\/\/pablocarpintero.es\/wp-content\/uploads\/2023\/12\/Punteiro-afinable-Pablo-Carpintero-1320x330.jpg 1320w, https:\/\/pablocarpintero.es\/wp-content\/uploads\/2023\/12\/Punteiro-afinable-Pablo-Carpintero-600x150.jpg 600w\" sizes=\"(max-width: 1030px) 100vw, 1030px\" \/><\/div><\/div><\/div>\n\n<style type=\"text\/css\" data-created_by=\"avia_inline_auto\" id=\"style-css-av-lpz7lich-8f8c899a7a2cd66bf7fbdebdab942cdd\">\n.avia-image-container.av-lpz7lich-8f8c899a7a2cd66bf7fbdebdab942cdd img.avia_image{\nbox-shadow:none;\n}\n.avia-image-container.av-lpz7lich-8f8c899a7a2cd66bf7fbdebdab942cdd .av-image-caption-overlay-center{\ncolor:#ffffff;\n}\n<\/style>\n<div  class='avia-image-container av-lpz7lich-8f8c899a7a2cd66bf7fbdebdab942cdd av-styling- avia-align-center  avia-builder-el-4  el_after_av_image  el_before_av_hr'   itemprop=\"image\" itemscope=\"itemscope\" itemtype=\"https:\/\/schema.org\/ImageObject\" ><div class=\"avia-image-container-inner\"><div class=\"avia-image-overlay-wrap\"><img decoding=\"async\" class='wp-image-2334 avia-img-lazy-loading-not-2334 avia_image' src=\"https:\/\/pablocarpintero.es\/wp-content\/uploads\/2023\/12\/Punteiro-afinable-2-Pablo-Carpintero-300x296.jpg\" alt='' title='Punteiro afinable 2 Pablo Carpintero'  height=\"296\" width=\"300\"  itemprop=\"thumbnailUrl\" srcset=\"https:\/\/pablocarpintero.es\/wp-content\/uploads\/2023\/12\/Punteiro-afinable-2-Pablo-Carpintero-300x296.jpg 300w, https:\/\/pablocarpintero.es\/wp-content\/uploads\/2023\/12\/Punteiro-afinable-2-Pablo-Carpintero-1030x1015.jpg 1030w, https:\/\/pablocarpintero.es\/wp-content\/uploads\/2023\/12\/Punteiro-afinable-2-Pablo-Carpintero-80x80.jpg 80w, https:\/\/pablocarpintero.es\/wp-content\/uploads\/2023\/12\/Punteiro-afinable-2-Pablo-Carpintero-768x757.jpg 768w, https:\/\/pablocarpintero.es\/wp-content\/uploads\/2023\/12\/Punteiro-afinable-2-Pablo-Carpintero-12x12.jpg 12w, https:\/\/pablocarpintero.es\/wp-content\/uploads\/2023\/12\/Punteiro-afinable-2-Pablo-Carpintero-36x36.jpg 36w, https:\/\/pablocarpintero.es\/wp-content\/uploads\/2023\/12\/Punteiro-afinable-2-Pablo-Carpintero-705x695.jpg 705w, https:\/\/pablocarpintero.es\/wp-content\/uploads\/2023\/12\/Punteiro-afinable-2-Pablo-Carpintero-450x444.jpg 450w, https:\/\/pablocarpintero.es\/wp-content\/uploads\/2023\/12\/Punteiro-afinable-2-Pablo-Carpintero-600x591.jpg 600w, https:\/\/pablocarpintero.es\/wp-content\/uploads\/2023\/12\/Punteiro-afinable-2-Pablo-Carpintero-100x100.jpg 100w, https:\/\/pablocarpintero.es\/wp-content\/uploads\/2023\/12\/Punteiro-afinable-2-Pablo-Carpintero.jpg 1117w\" sizes=\"(max-width: 300px) 100vw, 300px\" \/><\/div><\/div><\/div>\n<div  class='hr av-3mh710-0740a18c91803a9cb403f91e69dcc708 hr-default  avia-builder-el-5  el_after_av_image  el_before_av_textblock'><span class='hr-inner'><span class=\"hr-inner-style\"><\/span><\/span><\/div>\n<section  class='av_textblock_section av-lpz7qogo-f14fc9fc02a3f067d74b407452df68b8'   itemscope=\"itemscope\" itemtype=\"https:\/\/schema.org\/BlogPosting\" itemprop=\"blogPost\" ><div class='avia_textblock'  itemprop=\"text\" ><p>Quer\u00edamos ofreceros la posibilidad de tener una de las gaitas antiguas de este taller, por eso reproducimos una de las mejores que hemos encontrado, la del gaitero <a href=\"https:\/\/pablocarpintero.es\/es\/producto\/gaita-de-ronquillo-do-obradoiro-riobo\/\">Juan Gaiteiro de Vedra<\/a>, realizada por Joaqu\u00edn Garc\u00eda a principios del siglo XX. En el producto correspondiente tienes m\u00e1s informaci\u00f3n sobre esta gaita de ronquillo que puedes escuchar en este v\u00eddeo.<\/p>\n<\/div><\/section>\n\n<style type=\"text\/css\" data-created_by=\"avia_inline_auto\" id=\"style-css-av-351mfo-7ec254e3861d2b3fa0e50666c8ccfa06\">\n#top .hr.hr-invisible.av-351mfo-7ec254e3861d2b3fa0e50666c8ccfa06{\nheight:50px;\n}\n<\/style>\n<div  class='hr av-351mfo-7ec254e3861d2b3fa0e50666c8ccfa06 hr-invisible  avia-builder-el-7  el_after_av_textblock  el_before_av_video'><span class='hr-inner'><span class=\"hr-inner-style\"><\/span><\/span><\/div>\n<div  class='avia-video av-lpz7tf2n-b7f7e241d27b213747532ed1d079792b avia-video-16-9 av-no-preview-image avia-video-load-always av-lazyload-immediate av-lazyload-video-embed'  itemprop=\"video\" itemtype=\"https:\/\/schema.org\/VideoObject\"  data-original_url='https:\/\/www.youtube.com\/watch?v=bTbCWqgLo0U&t=8s'><script type='text\/html' class='av-video-tmpl'><div class='avia-iframe-wrap'><iframe loading=\"lazy\" title=\"Reproduccio\u0301n dunha gaita de ronquillo do obradoiro de Garci\u0301a de Riobo\u0301 (A Estrada, Pontevedra)\" width=\"1500\" height=\"844\" src=\"https:\/\/www.youtube.com\/embed\/bTbCWqgLo0U?start=8&feature=oembed&autoplay=0&loop=0&controls=1&mute=0\" frameborder=\"0\" allow=\"accelerometer; autoplay; clipboard-write; encrypted-media; gyroscope; picture-in-picture; web-share\" allowfullscreen><\/iframe><\/div><\/script><div class='av-click-to-play-overlay'><div class=\"avia_playpause_icon\"><\/div><\/div><\/div>","protected":false},"excerpt":{"rendered":"","protected":false},"author":1,"featured_media":2330,"comment_status":"open","ping_status":"open","sticky":false,"template":"","format":"standard","meta":{"give_campaign_id":0,"_joinchat":[],"footnotes":""},"categories":[1],"tags":[],"class_list":["post-2340","post","type-post","status-publish","format-standard","has-post-thumbnail","hentry","category-instrumentos-musicais"],"yoast_head":"<!-- This site is optimized with the Yoast SEO plugin v27.2 - https:\/\/yoast.com\/product\/yoast-seo-wordpress\/ -->\n<title>Gaita de ronquillo do obradoiro Riob\u00f3 (A Estrada, Pontevedra) - Pablo Carpintero<\/title>\n<meta name=\"robots\" content=\"index, follow, max-snippet:-1, max-image-preview:large, max-video-preview:-1\" \/>\n<link rel=\"canonical\" href=\"https:\/\/pablocarpintero.es\/es\/gaita-de-ronquillo-do-obradoiro-riobo-a-estrada-pontevedra\/\" \/>\n<meta property=\"og:locale\" content=\"es_ES\" \/>\n<meta property=\"og:type\" content=\"article\" \/>\n<meta property=\"og:title\" content=\"Gaita de ronquillo do obradoiro Riob\u00f3 (A Estrada, Pontevedra) - Pablo Carpintero\" \/>\n<meta property=\"og:url\" content=\"https:\/\/pablocarpintero.es\/es\/gaita-de-ronquillo-do-obradoiro-riobo-a-estrada-pontevedra\/\" \/>\n<meta property=\"og:site_name\" content=\"Pablo Carpintero\" \/>\n<meta property=\"article:published_time\" content=\"2023-12-10T08:22:23+00:00\" \/>\n<meta property=\"article:modified_time\" content=\"2023-12-11T07:03:48+00:00\" \/>\n<meta property=\"og:image\" content=\"https:\/\/pablocarpintero.es\/wp-content\/uploads\/2023\/12\/Gaita-ronquillo-Riobo-4-Pablo-Carpintero.jpg\" \/>\n\t<meta property=\"og:image:width\" content=\"1706\" \/>\n\t<meta property=\"og:image:height\" content=\"1182\" \/>\n\t<meta property=\"og:image:type\" content=\"image\/jpeg\" \/>\n<meta name=\"author\" content=\"pablo\" \/>\n<meta name=\"twitter:card\" content=\"summary_large_image\" \/>\n<meta name=\"twitter:label1\" content=\"Escrito por\" \/>\n\t<meta name=\"twitter:data1\" content=\"pablo\" \/>\n\t<meta name=\"twitter:label2\" content=\"Tiempo de lectura\" \/>\n\t<meta name=\"twitter:data2\" content=\"3 minutos\" \/>\n<script type=\"application\/ld+json\" class=\"yoast-schema-graph\">{\"@context\":\"https:\/\/schema.org\",\"@graph\":[{\"@type\":\"Article\",\"@id\":\"https:\/\/pablocarpintero.es\/gaita-de-ronquillo-do-obradoiro-riobo-a-estrada-pontevedra\/#article\",\"isPartOf\":{\"@id\":\"https:\/\/pablocarpintero.es\/gaita-de-ronquillo-do-obradoiro-riobo-a-estrada-pontevedra\/\"},\"author\":{\"name\":\"pablo\",\"@id\":\"https:\/\/pablocarpintero.es\/#\/schema\/person\/a964d2df7b9dd44c619384f2569f2972\"},\"headline\":\"Gaita de ronquillo do obradoiro Riob\u00f3 (A Estrada, Pontevedra)\",\"datePublished\":\"2023-12-10T08:22:23+00:00\",\"dateModified\":\"2023-12-11T07:03:48+00:00\",\"mainEntityOfPage\":{\"@id\":\"https:\/\/pablocarpintero.es\/gaita-de-ronquillo-do-obradoiro-riobo-a-estrada-pontevedra\/\"},\"wordCount\":1276,\"commentCount\":0,\"image\":{\"@id\":\"https:\/\/pablocarpintero.es\/gaita-de-ronquillo-do-obradoiro-riobo-a-estrada-pontevedra\/#primaryimage\"},\"thumbnailUrl\":\"https:\/\/pablocarpintero.es\/wp-content\/uploads\/2023\/12\/Gaita-ronquillo-Riobo-4-Pablo-Carpintero.jpg\",\"articleSection\":[\"Instrumentos musicais\"],\"inLanguage\":\"es\",\"potentialAction\":[{\"@type\":\"CommentAction\",\"name\":\"Comment\",\"target\":[\"https:\/\/pablocarpintero.es\/gaita-de-ronquillo-do-obradoiro-riobo-a-estrada-pontevedra\/#respond\"]}]},{\"@type\":\"WebPage\",\"@id\":\"https:\/\/pablocarpintero.es\/gaita-de-ronquillo-do-obradoiro-riobo-a-estrada-pontevedra\/\",\"url\":\"https:\/\/pablocarpintero.es\/gaita-de-ronquillo-do-obradoiro-riobo-a-estrada-pontevedra\/\",\"name\":\"Gaita de ronquillo do obradoiro Riob\u00f3 (A Estrada, Pontevedra) - Pablo Carpintero\",\"isPartOf\":{\"@id\":\"https:\/\/pablocarpintero.es\/#website\"},\"primaryImageOfPage\":{\"@id\":\"https:\/\/pablocarpintero.es\/gaita-de-ronquillo-do-obradoiro-riobo-a-estrada-pontevedra\/#primaryimage\"},\"image\":{\"@id\":\"https:\/\/pablocarpintero.es\/gaita-de-ronquillo-do-obradoiro-riobo-a-estrada-pontevedra\/#primaryimage\"},\"thumbnailUrl\":\"https:\/\/pablocarpintero.es\/wp-content\/uploads\/2023\/12\/Gaita-ronquillo-Riobo-4-Pablo-Carpintero.jpg\",\"datePublished\":\"2023-12-10T08:22:23+00:00\",\"dateModified\":\"2023-12-11T07:03:48+00:00\",\"author\":{\"@id\":\"https:\/\/pablocarpintero.es\/#\/schema\/person\/a964d2df7b9dd44c619384f2569f2972\"},\"breadcrumb\":{\"@id\":\"https:\/\/pablocarpintero.es\/gaita-de-ronquillo-do-obradoiro-riobo-a-estrada-pontevedra\/#breadcrumb\"},\"inLanguage\":\"es\",\"potentialAction\":[{\"@type\":\"ReadAction\",\"target\":[\"https:\/\/pablocarpintero.es\/gaita-de-ronquillo-do-obradoiro-riobo-a-estrada-pontevedra\/\"]}]},{\"@type\":\"ImageObject\",\"inLanguage\":\"es\",\"@id\":\"https:\/\/pablocarpintero.es\/gaita-de-ronquillo-do-obradoiro-riobo-a-estrada-pontevedra\/#primaryimage\",\"url\":\"https:\/\/pablocarpintero.es\/wp-content\/uploads\/2023\/12\/Gaita-ronquillo-Riobo-4-Pablo-Carpintero.jpg\",\"contentUrl\":\"https:\/\/pablocarpintero.es\/wp-content\/uploads\/2023\/12\/Gaita-ronquillo-Riobo-4-Pablo-Carpintero.jpg\",\"width\":1706,\"height\":1182},{\"@type\":\"BreadcrumbList\",\"@id\":\"https:\/\/pablocarpintero.es\/gaita-de-ronquillo-do-obradoiro-riobo-a-estrada-pontevedra\/#breadcrumb\",\"itemListElement\":[{\"@type\":\"ListItem\",\"position\":1,\"name\":\"Portada\",\"item\":\"https:\/\/pablocarpintero.es\/inicio\/\"},{\"@type\":\"ListItem\",\"position\":2,\"name\":\"Gaita de ronquillo do obradoiro Riob\u00f3 (A Estrada, Pontevedra)\"}]},{\"@type\":\"WebSite\",\"@id\":\"https:\/\/pablocarpintero.es\/#website\",\"url\":\"https:\/\/pablocarpintero.es\/\",\"name\":\"Pablo Carpintero\",\"description\":\"Otro sitio realizado con WordPress\",\"potentialAction\":[{\"@type\":\"SearchAction\",\"target\":{\"@type\":\"EntryPoint\",\"urlTemplate\":\"https:\/\/pablocarpintero.es\/?s={search_term_string}\"},\"query-input\":{\"@type\":\"PropertyValueSpecification\",\"valueRequired\":true,\"valueName\":\"search_term_string\"}}],\"inLanguage\":\"es\"},{\"@type\":\"Person\",\"@id\":\"https:\/\/pablocarpintero.es\/#\/schema\/person\/a964d2df7b9dd44c619384f2569f2972\",\"name\":\"pablo\",\"image\":{\"@type\":\"ImageObject\",\"inLanguage\":\"es\",\"@id\":\"https:\/\/secure.gravatar.com\/avatar\/fb279e06fe3f9eacc04cd2598b4554448ca3e269fc535a61f2c7063a79133dc8?s=96&d=mm&r=g\",\"url\":\"https:\/\/secure.gravatar.com\/avatar\/fb279e06fe3f9eacc04cd2598b4554448ca3e269fc535a61f2c7063a79133dc8?s=96&d=mm&r=g\",\"contentUrl\":\"https:\/\/secure.gravatar.com\/avatar\/fb279e06fe3f9eacc04cd2598b4554448ca3e269fc535a61f2c7063a79133dc8?s=96&d=mm&r=g\",\"caption\":\"pablo\"},\"sameAs\":[\"https:\/\/pablocarpintero.es\"],\"url\":\"https:\/\/pablocarpintero.es\/es\/author\/pablo\/\"}]}<\/script>\n<!-- \/ Yoast SEO plugin. -->","yoast_head_json":{"title":"Gaita de ronquillo do obradoiro Riob\u00f3 (A Estrada, Pontevedra) - Pablo Carpintero","robots":{"index":"index","follow":"follow","max-snippet":"max-snippet:-1","max-image-preview":"max-image-preview:large","max-video-preview":"max-video-preview:-1"},"canonical":"https:\/\/pablocarpintero.es\/es\/gaita-de-ronquillo-do-obradoiro-riobo-a-estrada-pontevedra\/","og_locale":"es_ES","og_type":"article","og_title":"Gaita de ronquillo do obradoiro Riob\u00f3 (A Estrada, Pontevedra) - Pablo Carpintero","og_url":"https:\/\/pablocarpintero.es\/es\/gaita-de-ronquillo-do-obradoiro-riobo-a-estrada-pontevedra\/","og_site_name":"Pablo Carpintero","article_published_time":"2023-12-10T08:22:23+00:00","article_modified_time":"2023-12-11T07:03:48+00:00","og_image":[{"width":1706,"height":1182,"url":"https:\/\/pablocarpintero.es\/wp-content\/uploads\/2023\/12\/Gaita-ronquillo-Riobo-4-Pablo-Carpintero.jpg","type":"image\/jpeg"}],"author":"pablo","twitter_card":"summary_large_image","twitter_misc":{"Escrito por":"pablo","Tiempo de lectura":"3 minutos"},"schema":{"@context":"https:\/\/schema.org","@graph":[{"@type":"Article","@id":"https:\/\/pablocarpintero.es\/gaita-de-ronquillo-do-obradoiro-riobo-a-estrada-pontevedra\/#article","isPartOf":{"@id":"https:\/\/pablocarpintero.es\/gaita-de-ronquillo-do-obradoiro-riobo-a-estrada-pontevedra\/"},"author":{"name":"pablo","@id":"https:\/\/pablocarpintero.es\/#\/schema\/person\/a964d2df7b9dd44c619384f2569f2972"},"headline":"Gaita de ronquillo do obradoiro Riob\u00f3 (A Estrada, Pontevedra)","datePublished":"2023-12-10T08:22:23+00:00","dateModified":"2023-12-11T07:03:48+00:00","mainEntityOfPage":{"@id":"https:\/\/pablocarpintero.es\/gaita-de-ronquillo-do-obradoiro-riobo-a-estrada-pontevedra\/"},"wordCount":1276,"commentCount":0,"image":{"@id":"https:\/\/pablocarpintero.es\/gaita-de-ronquillo-do-obradoiro-riobo-a-estrada-pontevedra\/#primaryimage"},"thumbnailUrl":"https:\/\/pablocarpintero.es\/wp-content\/uploads\/2023\/12\/Gaita-ronquillo-Riobo-4-Pablo-Carpintero.jpg","articleSection":["Instrumentos musicais"],"inLanguage":"es","potentialAction":[{"@type":"CommentAction","name":"Comment","target":["https:\/\/pablocarpintero.es\/gaita-de-ronquillo-do-obradoiro-riobo-a-estrada-pontevedra\/#respond"]}]},{"@type":"WebPage","@id":"https:\/\/pablocarpintero.es\/gaita-de-ronquillo-do-obradoiro-riobo-a-estrada-pontevedra\/","url":"https:\/\/pablocarpintero.es\/gaita-de-ronquillo-do-obradoiro-riobo-a-estrada-pontevedra\/","name":"Gaita de ronquillo do obradoiro Riob\u00f3 (A Estrada, Pontevedra) - Pablo Carpintero","isPartOf":{"@id":"https:\/\/pablocarpintero.es\/#website"},"primaryImageOfPage":{"@id":"https:\/\/pablocarpintero.es\/gaita-de-ronquillo-do-obradoiro-riobo-a-estrada-pontevedra\/#primaryimage"},"image":{"@id":"https:\/\/pablocarpintero.es\/gaita-de-ronquillo-do-obradoiro-riobo-a-estrada-pontevedra\/#primaryimage"},"thumbnailUrl":"https:\/\/pablocarpintero.es\/wp-content\/uploads\/2023\/12\/Gaita-ronquillo-Riobo-4-Pablo-Carpintero.jpg","datePublished":"2023-12-10T08:22:23+00:00","dateModified":"2023-12-11T07:03:48+00:00","author":{"@id":"https:\/\/pablocarpintero.es\/#\/schema\/person\/a964d2df7b9dd44c619384f2569f2972"},"breadcrumb":{"@id":"https:\/\/pablocarpintero.es\/gaita-de-ronquillo-do-obradoiro-riobo-a-estrada-pontevedra\/#breadcrumb"},"inLanguage":"es","potentialAction":[{"@type":"ReadAction","target":["https:\/\/pablocarpintero.es\/gaita-de-ronquillo-do-obradoiro-riobo-a-estrada-pontevedra\/"]}]},{"@type":"ImageObject","inLanguage":"es","@id":"https:\/\/pablocarpintero.es\/gaita-de-ronquillo-do-obradoiro-riobo-a-estrada-pontevedra\/#primaryimage","url":"https:\/\/pablocarpintero.es\/wp-content\/uploads\/2023\/12\/Gaita-ronquillo-Riobo-4-Pablo-Carpintero.jpg","contentUrl":"https:\/\/pablocarpintero.es\/wp-content\/uploads\/2023\/12\/Gaita-ronquillo-Riobo-4-Pablo-Carpintero.jpg","width":1706,"height":1182},{"@type":"BreadcrumbList","@id":"https:\/\/pablocarpintero.es\/gaita-de-ronquillo-do-obradoiro-riobo-a-estrada-pontevedra\/#breadcrumb","itemListElement":[{"@type":"ListItem","position":1,"name":"Portada","item":"https:\/\/pablocarpintero.es\/inicio\/"},{"@type":"ListItem","position":2,"name":"Gaita de ronquillo do obradoiro Riob\u00f3 (A Estrada, Pontevedra)"}]},{"@type":"WebSite","@id":"https:\/\/pablocarpintero.es\/#website","url":"https:\/\/pablocarpintero.es\/","name":"Pablo Carpintero","description":"Otro sitio realizado con WordPress","potentialAction":[{"@type":"SearchAction","target":{"@type":"EntryPoint","urlTemplate":"https:\/\/pablocarpintero.es\/?s={search_term_string}"},"query-input":{"@type":"PropertyValueSpecification","valueRequired":true,"valueName":"search_term_string"}}],"inLanguage":"es"},{"@type":"Person","@id":"https:\/\/pablocarpintero.es\/#\/schema\/person\/a964d2df7b9dd44c619384f2569f2972","name":"pablo","image":{"@type":"ImageObject","inLanguage":"es","@id":"https:\/\/secure.gravatar.com\/avatar\/fb279e06fe3f9eacc04cd2598b4554448ca3e269fc535a61f2c7063a79133dc8?s=96&d=mm&r=g","url":"https:\/\/secure.gravatar.com\/avatar\/fb279e06fe3f9eacc04cd2598b4554448ca3e269fc535a61f2c7063a79133dc8?s=96&d=mm&r=g","contentUrl":"https:\/\/secure.gravatar.com\/avatar\/fb279e06fe3f9eacc04cd2598b4554448ca3e269fc535a61f2c7063a79133dc8?s=96&d=mm&r=g","caption":"pablo"},"sameAs":["https:\/\/pablocarpintero.es"],"url":"https:\/\/pablocarpintero.es\/es\/author\/pablo\/"}]}},"_links":{"self":[{"href":"https:\/\/pablocarpintero.es\/es\/wp-json\/wp\/v2\/posts\/2340","targetHints":{"allow":["GET"]}}],"collection":[{"href":"https:\/\/pablocarpintero.es\/es\/wp-json\/wp\/v2\/posts"}],"about":[{"href":"https:\/\/pablocarpintero.es\/es\/wp-json\/wp\/v2\/types\/post"}],"author":[{"embeddable":true,"href":"https:\/\/pablocarpintero.es\/es\/wp-json\/wp\/v2\/users\/1"}],"replies":[{"embeddable":true,"href":"https:\/\/pablocarpintero.es\/es\/wp-json\/wp\/v2\/comments?post=2340"}],"version-history":[{"count":2,"href":"https:\/\/pablocarpintero.es\/es\/wp-json\/wp\/v2\/posts\/2340\/revisions"}],"predecessor-version":[{"id":2344,"href":"https:\/\/pablocarpintero.es\/es\/wp-json\/wp\/v2\/posts\/2340\/revisions\/2344"}],"wp:featuredmedia":[{"embeddable":true,"href":"https:\/\/pablocarpintero.es\/es\/wp-json\/wp\/v2\/media\/2330"}],"wp:attachment":[{"href":"https:\/\/pablocarpintero.es\/es\/wp-json\/wp\/v2\/media?parent=2340"}],"wp:term":[{"taxonomy":"category","embeddable":true,"href":"https:\/\/pablocarpintero.es\/es\/wp-json\/wp\/v2\/categories?post=2340"},{"taxonomy":"post_tag","embeddable":true,"href":"https:\/\/pablocarpintero.es\/es\/wp-json\/wp\/v2\/tags?post=2340"}],"curies":[{"name":"wp","href":"https:\/\/api.w.org\/{rel}","templated":true}]}}