{"id":2418,"date":"2024-04-15T05:22:35","date_gmt":"2024-04-15T05:22:35","guid":{"rendered":"https:\/\/pablocarpintero.es\/?p=2418"},"modified":"2024-04-15T05:22:37","modified_gmt":"2024-04-15T05:22:37","slug":"sexto-curso-de-fabricacion-de-gaitas-de-fol-2-2","status":"publish","type":"post","link":"https:\/\/pablocarpintero.es\/es\/sexto-curso-de-fabricacion-de-gaitas-de-fol-2-2\/","title":{"rendered":"As gaitas de fol na provincia de Pontevedra"},"content":{"rendered":"<section  class='av_textblock_section av-kxvhopy6-99791622d18e76702401dc274b28e3bd'   itemscope=\"itemscope\" itemtype=\"https:\/\/schema.org\/BlogPosting\" itemprop=\"blogPost\" ><div class='avia_textblock'  itemprop=\"text\" >\n<style type=\"text\/css\" data-created_by=\"avia_inline_auto\" id=\"style-css-av-2clqif-16a500af351e14b89d99b43a0c09da34\">\n#top .hr.hr-invisible.av-2clqif-16a500af351e14b89d99b43a0c09da34{\nheight:30px;\n}\n<\/style>\n<div  class='hr av-2clqif-16a500af351e14b89d99b43a0c09da34 hr-invisible  avia-builder-el-1  avia-builder-el-no-sibling'><span class='hr-inner'><span class=\"hr-inner-style\"><\/span><\/span><\/div>\n<\/div><\/section>\n<section  class='av_textblock_section av-kxvis3qa-adaaa03aa8a8a780213dc831d4aa4ec8'   itemscope=\"itemscope\" itemtype=\"https:\/\/schema.org\/BlogPosting\" itemprop=\"blogPost\" ><div class='avia_textblock'  itemprop=\"text\" ><p>Gravaci\u00f3n realizada polo Museo de Pontevedra da charla que demos al\u00ed mesmo o 16 de febreiro de 2024 adicada \u00e1s gaitas de fol nesa provincia. A gravaci\u00f3n fallou acusticamente e Sen\u00e9n Bern\u00e1rdez tivo a grand\u00edsima amabilidade de arranxar o son o mellor que puido, e introducir as fotograf\u00edas e diapositivas que fomos po\u00f1endo para que quedase audible e visible. Grazas Sen\u00e9n, es un sol!<\/p>\n<p>Nesta charla explicamos como Pontevedra \u00e9 a zona do noroeste con maior abundancia de tipolox\u00edas de gaitas de fol, concretamente cinco tipos distintos (<a href=\"https:\/\/pablocarpintero.es\/es\/instrumentos-musicais\/gaitas-de-fol\/gaitas-de-cana-gaitas-de-pallon\/\">gaitas de cana<\/a>, <a href=\"https:\/\/pablocarpintero.es\/es\/producto\/rosca-do-baixo-mino\/\">a rosca do Baixo Mi\u00f1o<\/a>, <a href=\"https:\/\/pablocarpintero.es\/es\/producto\/gaita-dos-campaneiros-de-vilagarcia\/\">gaitas de fol sinxelas<\/a>, <a href=\"https:\/\/pablocarpintero.es\/es\/producto\/gaita-de-dous-bordons-no-ombreiro\/\">gaitas con dous bord\u00f3ns ao ombreiro<\/a>, <a href=\"https:\/\/pablocarpintero.es\/es\/producto\/gaita-de-barquin-de-ricardo-alexandre-tomino\/\">gaitas de barqu\u00edn<\/a> y <a href=\"https:\/\/pablocarpintero.es\/es\/producto\/gaita-de-ronquillo-de-xan-de-campano\/\">gaitas de ronquillo<\/a>). Durante as nosas investigaci\u00f3ns achamos outros tres datos relevantes: as iconograf\u00edas das gaitas de fol son o dobre de abundantes, por Km2, nesta provincia, a proporci\u00f3n de gaitas de fol con m\u00e1is de trescentos anos nesta zona dobra a de calquera outra do noroeste e aqu\u00ed, en Pontevedra, aparecen algunhas das gaitas de fol m\u00e1is antigas que temos datado polo <a href=\"https:\/\/pablocarpintero.es\/es\/achamos-gaitas-en-galicia-e-portugal-en-uso-dende-a-idade-media\/\">m\u00e9todo dos desgastes e as dataci\u00f3ns de 14C<\/a>. Nesta charla suxerimos unha hip\u00f3tese que poder\u00eda explicar simultaneamente estes catro feitos e avanzamos outra curiosa hip\u00f3tese de traballo sobre a orixe das propias gaitas de fol.<\/p>\n<p>Tam\u00e9n afondamos na descrici\u00f3n, historia e xeitos propios de interpretaci\u00f3n das gaitas de ronquillo tan particulares que aparecen na contorna da cidade de Pontevedra, das que o Museo de Pontevedra garda varios exemplares relacionados co grande artes\u00e1n e gaiteiro de Poio, Manuel Villanueva: a <a href=\"https:\/\/pablocarpintero.es\/es\/producto\/gaita-tumbal-de-ronquillo-de-perfecto-feijoo\/\">gaita de ronquillo tumbal de Perfecto Feijoo<\/a>, a que o propio Manuel Villanueva se fixo para el mesmo, e unha <a href=\"https:\/\/pablocarpintero.es\/es\/producto\/gaita-redonda-de-manuel-villanueva\/\">gaita de ronquillo redonda<\/a>, datada no s\u00e9culo XVII, que lle pertenceu e que foi, moi probablemente, o instrumento co que Villanueva aprendeu. Tam\u00e9n podedes escoitar en directo <a href=\"https:\/\/pablocarpintero.es\/es\/unha-gaita-de-ronquillo-do-seculo-xvii\/\">a gaita dos Mara\u00f1\u00f3ns<\/a>, achada por Jos\u00e9 Gil do grupo Picu\u00ed\u00f1as de Mar\u00edn e datada no s\u00e9culo XVII, e unha reproducci\u00f3n do <a href=\"https:\/\/pablocarpintero.es\/es\/producto\/gaita-de-jose-maria-garcia-mogor\/\">punteiro con aneis<\/a> conservado no Museo de Pontevedra, un instrumento do s\u00e9culo XVI.<\/p>\n<\/div><\/section>\n<section  class='av_textblock_section av-av_textblock-32af9c344aeda5838e62bcf702809feb'   itemscope=\"itemscope\" itemtype=\"https:\/\/schema.org\/BlogPosting\" itemprop=\"blogPost\" ><div class='avia_textblock'  itemprop=\"text\" >\n<style type=\"text\/css\" data-created_by=\"avia_inline_auto\" id=\"style-css-av-av_hr-af89a52d51412774536fa272e468f7cd\">\n#top .hr.hr-invisible.av-av_hr-af89a52d51412774536fa272e468f7cd{\nheight:30px;\n}\n<\/style>\n<div  class='hr av-av_hr-af89a52d51412774536fa272e468f7cd hr-invisible  avia-builder-el-4  avia-builder-el-no-sibling'><span class='hr-inner'><span class=\"hr-inner-style\"><\/span><\/span><\/div>\n<\/div><\/section>\n<div  class='avia-video av-lv0iccln-9d14094cc34e5cf4adbcc4a7ad6a8fc0 avia-video-16-9 av-no-preview-image avia-video-load-always av-lazyload-immediate av-lazyload-video-embed'  itemprop=\"video\" itemtype=\"https:\/\/schema.org\/VideoObject\"  data-original_url='https:\/\/www.youtube.com\/watch?v=df8ezR-eFmk'><script type='text\/html' class='av-video-tmpl'><div class='avia-iframe-wrap'><iframe loading=\"lazy\" title=\"As gaitas de fol na provincia de Pontevedra\" width=\"1500\" height=\"844\" src=\"https:\/\/www.youtube.com\/embed\/df8ezR-eFmk?feature=oembed&autoplay=0&loop=0&controls=1&mute=0\" frameborder=\"0\" allow=\"accelerometer; autoplay; clipboard-write; encrypted-media; gyroscope; picture-in-picture; web-share\" referrerpolicy=\"strict-origin-when-cross-origin\" allowfullscreen><\/iframe><\/div><\/script><div class='av-click-to-play-overlay'><div class=\"avia_playpause_icon\"><\/div><\/div><\/div>","protected":false},"excerpt":{"rendered":"","protected":false},"author":1,"featured_media":2024,"comment_status":"open","ping_status":"open","sticky":false,"template":"","format":"standard","meta":{"give_campaign_id":0,"_joinchat":[],"footnotes":""},"categories":[1],"tags":[],"class_list":["post-2418","post","type-post","status-publish","format-standard","has-post-thumbnail","hentry","category-instrumentos-musicais"],"yoast_head":"<!-- This site is optimized with the Yoast SEO plugin v27.2 - https:\/\/yoast.com\/product\/yoast-seo-wordpress\/ -->\n<title>As gaitas de fol na provincia de Pontevedra - Pablo Carpintero<\/title>\n<meta name=\"robots\" content=\"index, follow, max-snippet:-1, max-image-preview:large, max-video-preview:-1\" \/>\n<link rel=\"canonical\" href=\"https:\/\/pablocarpintero.es\/es\/sexto-curso-de-fabricacion-de-gaitas-de-fol-2-2\/\" \/>\n<meta property=\"og:locale\" content=\"es_ES\" \/>\n<meta property=\"og:type\" content=\"article\" \/>\n<meta property=\"og:title\" content=\"As gaitas de fol na provincia de Pontevedra - Pablo Carpintero\" \/>\n<meta property=\"og:url\" content=\"https:\/\/pablocarpintero.es\/es\/sexto-curso-de-fabricacion-de-gaitas-de-fol-2-2\/\" \/>\n<meta property=\"og:site_name\" content=\"Pablo Carpintero\" \/>\n<meta property=\"article:published_time\" content=\"2024-04-15T05:22:35+00:00\" \/>\n<meta property=\"article:modified_time\" content=\"2024-04-15T05:22:37+00:00\" \/>\n<meta property=\"og:image\" content=\"https:\/\/pablocarpintero.es\/wp-content\/uploads\/2022\/07\/Gaita-Mogor.jpg\" \/>\n\t<meta property=\"og:image:width\" content=\"1225\" \/>\n\t<meta property=\"og:image:height\" content=\"905\" \/>\n\t<meta property=\"og:image:type\" content=\"image\/jpeg\" \/>\n<meta name=\"author\" content=\"pablo\" \/>\n<meta name=\"twitter:card\" content=\"summary_large_image\" \/>\n<meta name=\"twitter:label1\" content=\"Escrito por\" \/>\n\t<meta name=\"twitter:data1\" content=\"pablo\" \/>\n\t<meta name=\"twitter:label2\" content=\"Tiempo de lectura\" \/>\n\t<meta name=\"twitter:data2\" content=\"3 minutos\" \/>\n<script type=\"application\/ld+json\" class=\"yoast-schema-graph\">{\"@context\":\"https:\/\/schema.org\",\"@graph\":[{\"@type\":\"Article\",\"@id\":\"https:\/\/pablocarpintero.es\/sexto-curso-de-fabricacion-de-gaitas-de-fol-2-2\/#article\",\"isPartOf\":{\"@id\":\"https:\/\/pablocarpintero.es\/sexto-curso-de-fabricacion-de-gaitas-de-fol-2-2\/\"},\"author\":{\"name\":\"pablo\",\"@id\":\"https:\/\/pablocarpintero.es\/#\/schema\/person\/a964d2df7b9dd44c619384f2569f2972\"},\"headline\":\"As gaitas de fol na provincia de Pontevedra\",\"datePublished\":\"2024-04-15T05:22:35+00:00\",\"dateModified\":\"2024-04-15T05:22:37+00:00\",\"mainEntityOfPage\":{\"@id\":\"https:\/\/pablocarpintero.es\/sexto-curso-de-fabricacion-de-gaitas-de-fol-2-2\/\"},\"wordCount\":634,\"commentCount\":0,\"image\":{\"@id\":\"https:\/\/pablocarpintero.es\/sexto-curso-de-fabricacion-de-gaitas-de-fol-2-2\/#primaryimage\"},\"thumbnailUrl\":\"https:\/\/pablocarpintero.es\/wp-content\/uploads\/2022\/07\/Gaita-Mogor.jpg\",\"articleSection\":[\"Instrumentos musicais\"],\"inLanguage\":\"es\",\"potentialAction\":[{\"@type\":\"CommentAction\",\"name\":\"Comment\",\"target\":[\"https:\/\/pablocarpintero.es\/sexto-curso-de-fabricacion-de-gaitas-de-fol-2-2\/#respond\"]}]},{\"@type\":\"WebPage\",\"@id\":\"https:\/\/pablocarpintero.es\/sexto-curso-de-fabricacion-de-gaitas-de-fol-2-2\/\",\"url\":\"https:\/\/pablocarpintero.es\/sexto-curso-de-fabricacion-de-gaitas-de-fol-2-2\/\",\"name\":\"As gaitas de fol na provincia de Pontevedra - Pablo Carpintero\",\"isPartOf\":{\"@id\":\"https:\/\/pablocarpintero.es\/#website\"},\"primaryImageOfPage\":{\"@id\":\"https:\/\/pablocarpintero.es\/sexto-curso-de-fabricacion-de-gaitas-de-fol-2-2\/#primaryimage\"},\"image\":{\"@id\":\"https:\/\/pablocarpintero.es\/sexto-curso-de-fabricacion-de-gaitas-de-fol-2-2\/#primaryimage\"},\"thumbnailUrl\":\"https:\/\/pablocarpintero.es\/wp-content\/uploads\/2022\/07\/Gaita-Mogor.jpg\",\"datePublished\":\"2024-04-15T05:22:35+00:00\",\"dateModified\":\"2024-04-15T05:22:37+00:00\",\"author\":{\"@id\":\"https:\/\/pablocarpintero.es\/#\/schema\/person\/a964d2df7b9dd44c619384f2569f2972\"},\"breadcrumb\":{\"@id\":\"https:\/\/pablocarpintero.es\/sexto-curso-de-fabricacion-de-gaitas-de-fol-2-2\/#breadcrumb\"},\"inLanguage\":\"es\",\"potentialAction\":[{\"@type\":\"ReadAction\",\"target\":[\"https:\/\/pablocarpintero.es\/sexto-curso-de-fabricacion-de-gaitas-de-fol-2-2\/\"]}]},{\"@type\":\"ImageObject\",\"inLanguage\":\"es\",\"@id\":\"https:\/\/pablocarpintero.es\/sexto-curso-de-fabricacion-de-gaitas-de-fol-2-2\/#primaryimage\",\"url\":\"https:\/\/pablocarpintero.es\/wp-content\/uploads\/2022\/07\/Gaita-Mogor.jpg\",\"contentUrl\":\"https:\/\/pablocarpintero.es\/wp-content\/uploads\/2022\/07\/Gaita-Mogor.jpg\",\"width\":1225,\"height\":905},{\"@type\":\"BreadcrumbList\",\"@id\":\"https:\/\/pablocarpintero.es\/sexto-curso-de-fabricacion-de-gaitas-de-fol-2-2\/#breadcrumb\",\"itemListElement\":[{\"@type\":\"ListItem\",\"position\":1,\"name\":\"Portada\",\"item\":\"https:\/\/pablocarpintero.es\/inicio\/\"},{\"@type\":\"ListItem\",\"position\":2,\"name\":\"As gaitas de fol na provincia de Pontevedra\"}]},{\"@type\":\"WebSite\",\"@id\":\"https:\/\/pablocarpintero.es\/#website\",\"url\":\"https:\/\/pablocarpintero.es\/\",\"name\":\"Pablo Carpintero\",\"description\":\"Otro sitio realizado con WordPress\",\"potentialAction\":[{\"@type\":\"SearchAction\",\"target\":{\"@type\":\"EntryPoint\",\"urlTemplate\":\"https:\/\/pablocarpintero.es\/?s={search_term_string}\"},\"query-input\":{\"@type\":\"PropertyValueSpecification\",\"valueRequired\":true,\"valueName\":\"search_term_string\"}}],\"inLanguage\":\"es\"},{\"@type\":\"Person\",\"@id\":\"https:\/\/pablocarpintero.es\/#\/schema\/person\/a964d2df7b9dd44c619384f2569f2972\",\"name\":\"pablo\",\"image\":{\"@type\":\"ImageObject\",\"inLanguage\":\"es\",\"@id\":\"https:\/\/secure.gravatar.com\/avatar\/fb279e06fe3f9eacc04cd2598b4554448ca3e269fc535a61f2c7063a79133dc8?s=96&d=mm&r=g\",\"url\":\"https:\/\/secure.gravatar.com\/avatar\/fb279e06fe3f9eacc04cd2598b4554448ca3e269fc535a61f2c7063a79133dc8?s=96&d=mm&r=g\",\"contentUrl\":\"https:\/\/secure.gravatar.com\/avatar\/fb279e06fe3f9eacc04cd2598b4554448ca3e269fc535a61f2c7063a79133dc8?s=96&d=mm&r=g\",\"caption\":\"pablo\"},\"sameAs\":[\"https:\/\/pablocarpintero.es\"],\"url\":\"https:\/\/pablocarpintero.es\/es\/author\/pablo\/\"}]}<\/script>\n<!-- \/ Yoast SEO plugin. -->","yoast_head_json":{"title":"As gaitas de fol na provincia de Pontevedra - Pablo Carpintero","robots":{"index":"index","follow":"follow","max-snippet":"max-snippet:-1","max-image-preview":"max-image-preview:large","max-video-preview":"max-video-preview:-1"},"canonical":"https:\/\/pablocarpintero.es\/es\/sexto-curso-de-fabricacion-de-gaitas-de-fol-2-2\/","og_locale":"es_ES","og_type":"article","og_title":"As gaitas de fol na provincia de Pontevedra - Pablo Carpintero","og_url":"https:\/\/pablocarpintero.es\/es\/sexto-curso-de-fabricacion-de-gaitas-de-fol-2-2\/","og_site_name":"Pablo Carpintero","article_published_time":"2024-04-15T05:22:35+00:00","article_modified_time":"2024-04-15T05:22:37+00:00","og_image":[{"width":1225,"height":905,"url":"https:\/\/pablocarpintero.es\/wp-content\/uploads\/2022\/07\/Gaita-Mogor.jpg","type":"image\/jpeg"}],"author":"pablo","twitter_card":"summary_large_image","twitter_misc":{"Escrito por":"pablo","Tiempo de lectura":"3 minutos"},"schema":{"@context":"https:\/\/schema.org","@graph":[{"@type":"Article","@id":"https:\/\/pablocarpintero.es\/sexto-curso-de-fabricacion-de-gaitas-de-fol-2-2\/#article","isPartOf":{"@id":"https:\/\/pablocarpintero.es\/sexto-curso-de-fabricacion-de-gaitas-de-fol-2-2\/"},"author":{"name":"pablo","@id":"https:\/\/pablocarpintero.es\/#\/schema\/person\/a964d2df7b9dd44c619384f2569f2972"},"headline":"As gaitas de fol na provincia de Pontevedra","datePublished":"2024-04-15T05:22:35+00:00","dateModified":"2024-04-15T05:22:37+00:00","mainEntityOfPage":{"@id":"https:\/\/pablocarpintero.es\/sexto-curso-de-fabricacion-de-gaitas-de-fol-2-2\/"},"wordCount":634,"commentCount":0,"image":{"@id":"https:\/\/pablocarpintero.es\/sexto-curso-de-fabricacion-de-gaitas-de-fol-2-2\/#primaryimage"},"thumbnailUrl":"https:\/\/pablocarpintero.es\/wp-content\/uploads\/2022\/07\/Gaita-Mogor.jpg","articleSection":["Instrumentos musicais"],"inLanguage":"es","potentialAction":[{"@type":"CommentAction","name":"Comment","target":["https:\/\/pablocarpintero.es\/sexto-curso-de-fabricacion-de-gaitas-de-fol-2-2\/#respond"]}]},{"@type":"WebPage","@id":"https:\/\/pablocarpintero.es\/sexto-curso-de-fabricacion-de-gaitas-de-fol-2-2\/","url":"https:\/\/pablocarpintero.es\/sexto-curso-de-fabricacion-de-gaitas-de-fol-2-2\/","name":"As gaitas de fol na provincia de Pontevedra - Pablo Carpintero","isPartOf":{"@id":"https:\/\/pablocarpintero.es\/#website"},"primaryImageOfPage":{"@id":"https:\/\/pablocarpintero.es\/sexto-curso-de-fabricacion-de-gaitas-de-fol-2-2\/#primaryimage"},"image":{"@id":"https:\/\/pablocarpintero.es\/sexto-curso-de-fabricacion-de-gaitas-de-fol-2-2\/#primaryimage"},"thumbnailUrl":"https:\/\/pablocarpintero.es\/wp-content\/uploads\/2022\/07\/Gaita-Mogor.jpg","datePublished":"2024-04-15T05:22:35+00:00","dateModified":"2024-04-15T05:22:37+00:00","author":{"@id":"https:\/\/pablocarpintero.es\/#\/schema\/person\/a964d2df7b9dd44c619384f2569f2972"},"breadcrumb":{"@id":"https:\/\/pablocarpintero.es\/sexto-curso-de-fabricacion-de-gaitas-de-fol-2-2\/#breadcrumb"},"inLanguage":"es","potentialAction":[{"@type":"ReadAction","target":["https:\/\/pablocarpintero.es\/sexto-curso-de-fabricacion-de-gaitas-de-fol-2-2\/"]}]},{"@type":"ImageObject","inLanguage":"es","@id":"https:\/\/pablocarpintero.es\/sexto-curso-de-fabricacion-de-gaitas-de-fol-2-2\/#primaryimage","url":"https:\/\/pablocarpintero.es\/wp-content\/uploads\/2022\/07\/Gaita-Mogor.jpg","contentUrl":"https:\/\/pablocarpintero.es\/wp-content\/uploads\/2022\/07\/Gaita-Mogor.jpg","width":1225,"height":905},{"@type":"BreadcrumbList","@id":"https:\/\/pablocarpintero.es\/sexto-curso-de-fabricacion-de-gaitas-de-fol-2-2\/#breadcrumb","itemListElement":[{"@type":"ListItem","position":1,"name":"Portada","item":"https:\/\/pablocarpintero.es\/inicio\/"},{"@type":"ListItem","position":2,"name":"As gaitas de fol na provincia de Pontevedra"}]},{"@type":"WebSite","@id":"https:\/\/pablocarpintero.es\/#website","url":"https:\/\/pablocarpintero.es\/","name":"Pablo Carpintero","description":"Otro sitio realizado con WordPress","potentialAction":[{"@type":"SearchAction","target":{"@type":"EntryPoint","urlTemplate":"https:\/\/pablocarpintero.es\/?s={search_term_string}"},"query-input":{"@type":"PropertyValueSpecification","valueRequired":true,"valueName":"search_term_string"}}],"inLanguage":"es"},{"@type":"Person","@id":"https:\/\/pablocarpintero.es\/#\/schema\/person\/a964d2df7b9dd44c619384f2569f2972","name":"pablo","image":{"@type":"ImageObject","inLanguage":"es","@id":"https:\/\/secure.gravatar.com\/avatar\/fb279e06fe3f9eacc04cd2598b4554448ca3e269fc535a61f2c7063a79133dc8?s=96&d=mm&r=g","url":"https:\/\/secure.gravatar.com\/avatar\/fb279e06fe3f9eacc04cd2598b4554448ca3e269fc535a61f2c7063a79133dc8?s=96&d=mm&r=g","contentUrl":"https:\/\/secure.gravatar.com\/avatar\/fb279e06fe3f9eacc04cd2598b4554448ca3e269fc535a61f2c7063a79133dc8?s=96&d=mm&r=g","caption":"pablo"},"sameAs":["https:\/\/pablocarpintero.es"],"url":"https:\/\/pablocarpintero.es\/es\/author\/pablo\/"}]}},"_links":{"self":[{"href":"https:\/\/pablocarpintero.es\/es\/wp-json\/wp\/v2\/posts\/2418","targetHints":{"allow":["GET"]}}],"collection":[{"href":"https:\/\/pablocarpintero.es\/es\/wp-json\/wp\/v2\/posts"}],"about":[{"href":"https:\/\/pablocarpintero.es\/es\/wp-json\/wp\/v2\/types\/post"}],"author":[{"embeddable":true,"href":"https:\/\/pablocarpintero.es\/es\/wp-json\/wp\/v2\/users\/1"}],"replies":[{"embeddable":true,"href":"https:\/\/pablocarpintero.es\/es\/wp-json\/wp\/v2\/comments?post=2418"}],"version-history":[{"count":1,"href":"https:\/\/pablocarpintero.es\/es\/wp-json\/wp\/v2\/posts\/2418\/revisions"}],"predecessor-version":[{"id":2420,"href":"https:\/\/pablocarpintero.es\/es\/wp-json\/wp\/v2\/posts\/2418\/revisions\/2420"}],"wp:featuredmedia":[{"embeddable":true,"href":"https:\/\/pablocarpintero.es\/es\/wp-json\/wp\/v2\/media\/2024"}],"wp:attachment":[{"href":"https:\/\/pablocarpintero.es\/es\/wp-json\/wp\/v2\/media?parent=2418"}],"wp:term":[{"taxonomy":"category","embeddable":true,"href":"https:\/\/pablocarpintero.es\/es\/wp-json\/wp\/v2\/categories?post=2418"},{"taxonomy":"post_tag","embeddable":true,"href":"https:\/\/pablocarpintero.es\/es\/wp-json\/wp\/v2\/tags?post=2418"}],"curies":[{"name":"wp","href":"https:\/\/api.w.org\/{rel}","templated":true}]}}